{"id":179646,"date":"2025-06-16T01:02:12","date_gmt":"2025-06-16T01:02:12","guid":{"rendered":"https:\/\/www.europesays.com\/fr\/179646\/"},"modified":"2025-06-16T01:02:12","modified_gmt":"2025-06-16T01:02:12","slug":"lattaque-aerienne-russe-a-endommage-les-bureaux-de-boeing-en-ukraine-selon-le-financial-times-15-06-2025-a-1303","status":"publish","type":"post","link":"https:\/\/www.europesays.com\/fr\/179646\/","title":{"rendered":"L&rsquo;attaque a\u00e9rienne russe a endommag\u00e9 les bureaux de Boeing en Ukraine, selon le Financial Times &#8211; 15\/06\/2025 \u00e0 13:03"},"content":{"rendered":"<p>\n ((Traduction automatis\u00e9e par Reuters \u00e0 l&rsquo;aide de l&rsquo;apprentissage<br \/>\nautomatique et de l&rsquo;IA g\u00e9n\u00e9rative, veuillez vous r\u00e9f\u00e9rer \u00e0<br \/>\nl&rsquo;avertissement suivant: https:\/\/bit.ly\/rtrsauto))\n<\/p>\n<p>\n (Ajout du contexte et des d\u00e9tails du rapport \u00e0 partir du<br \/>\nparagraphe 3)\n<\/p>\n<p>\n Un b\u00e2timent utilis\u00e9 par Boeing<br \/>\n <a href=\"https:\/\/www.boursorama.com\/cours\/BA\/\" rel=\"nofollow noopener\" target=\"_blank\"><br \/>\n  BA.N<br \/>\n <\/a><br \/>\n \u00e0<br \/>\nKyiv a \u00e9t\u00e9 gravement endommag\u00e9 lors d&rsquo;une r\u00e9cente  attaque<br \/>\na\u00e9rienne russe \u00e0 grande \u00e9chelle, a rapport\u00e9 le Financial Times<br \/>\ndimanche, citant six personnes famili\u00e8res avec la question et<br \/>\ndes photographies vues par le journal.<br \/>\nLa Russie a lanc\u00e9 des attaques a\u00e9riennes  sur Kyiv au<br \/>\nd\u00e9but de la semaine derni\u00e8re, utilisant 315 drones et sept<br \/>\nmissiles dans des frappes qui ont \u00e9galement touch\u00e9 d&rsquo;autres<br \/>\nparties du pays, a d\u00e9clar\u00e9 mardi l&rsquo;arm\u00e9e de l&rsquo;air ukrainienne.<br \/>\nLe b\u00e2timent de Boeing figurait parmi les cibles vis\u00e9es dimanche<br \/>\nsoir, a indiqu\u00e9 le journal, citant deux employ\u00e9s de Boeing,<br \/>\ntrois fonctionnaires ukrainiens et le directeur de la Chambre de<br \/>\ncommerce am\u00e9ricaine en Ukraine.\n<\/p>\n<p>\n Malgr\u00e9 les d\u00e9g\u00e2ts subis par le b\u00e2timent de Kyiv, il n&rsquo;y a eu<br \/>\n\u00ab\u00a0aucune interruption op\u00e9rationnelle\u00a0\u00bb, a d\u00e9clar\u00e9 au journal<br \/>\nAndriy Koryagin, directeur g\u00e9n\u00e9ral adjoint des op\u00e9rations de<br \/>\nBoeing en Ukraine.\n<\/p>\n<p>\n Un autre porte-parole officiel de Boeing a refus\u00e9 de commenter<br \/>\nl&rsquo;attaque au Financial Times, si ce n&rsquo;est pour dire que<br \/>\nl&rsquo;avionneur am\u00e9ricain donne la priorit\u00e9 \u00e0 la s\u00e9curit\u00e9 et \u00e0 la<br \/>\ns\u00fbret\u00e9 de ses employ\u00e9s, dont aucun n&rsquo;a \u00e9t\u00e9 bless\u00e9 pendant le<br \/>\nbombardement.<br \/>\nBoeing emploie plus de 1 000 personnes \u00e0 travers l&rsquo;Ukraine,<br \/>\nselon le rapport.<br \/>\nReuters n&rsquo;a pas pu confirmer imm\u00e9diatement ce rapport. Boeing et<br \/>\nla Chambre de commerce am\u00e9ricaine en Ukraine n&rsquo;ont pas<br \/>\nimm\u00e9diatement r\u00e9pondu aux demandes de commentaires de Reuters.<\/p>\n","protected":false},"excerpt":{"rendered":"((Traduction automatis\u00e9e par Reuters \u00e0 l&rsquo;aide de l&rsquo;apprentissage automatique et de l&rsquo;IA g\u00e9n\u00e9rative, veuillez vous r\u00e9f\u00e9rer \u00e0 l&rsquo;avertissement&hellip;\n","protected":false},"author":2,"featured_media":8061,"comment_status":"","ping_status":"","sticky":false,"template":"","format":"standard","meta":{"footnotes":""},"categories":[1590],"tags":[400,11,398,408,405,1777,674,403,402,399,404,12,401,406,220,407],"class_list":{"0":"post-179646","1":"post","2":"type-post","3":"status-publish","4":"format-standard","5":"has-post-thumbnail","7":"category-ukraine","8":"tag-action-cac-40","9":"tag-actualites","10":"tag-bourse-de-paris","11":"tag-boursorama","12":"tag-cotations","13":"tag-eu","14":"tag-europe","15":"tag-indices-devises","16":"tag-investir","17":"tag-investissement","18":"tag-marche-boursier","19":"tag-news","20":"tag-sicav","21":"tag-trackers","22":"tag-ukraine","23":"tag-warrants"},"share_on_mastodon":{"url":"https:\/\/pubeurope.com\/@fr\/114690348978335565","error":""},"_links":{"self":[{"href":"https:\/\/www.europesays.com\/fr\/wp-json\/wp\/v2\/posts\/179646","targetHints":{"allow":["GET"]}}],"collection":[{"href":"https:\/\/www.europesays.com\/fr\/wp-json\/wp\/v2\/posts"}],"about":[{"href":"https:\/\/www.europesays.com\/fr\/wp-json\/wp\/v2\/types\/post"}],"author":[{"embeddable":true,"href":"https:\/\/www.europesays.com\/fr\/wp-json\/wp\/v2\/users\/2"}],"replies":[{"embeddable":true,"href":"https:\/\/www.europesays.com\/fr\/wp-json\/wp\/v2\/comments?post=179646"}],"version-history":[{"count":0,"href":"https:\/\/www.europesays.com\/fr\/wp-json\/wp\/v2\/posts\/179646\/revisions"}],"wp:featuredmedia":[{"embeddable":true,"href":"https:\/\/www.europesays.com\/fr\/wp-json\/wp\/v2\/media\/8061"}],"wp:attachment":[{"href":"https:\/\/www.europesays.com\/fr\/wp-json\/wp\/v2\/media?parent=179646"}],"wp:term":[{"taxonomy":"category","embeddable":true,"href":"https:\/\/www.europesays.com\/fr\/wp-json\/wp\/v2\/categories?post=179646"},{"taxonomy":"post_tag","embeddable":true,"href":"https:\/\/www.europesays.com\/fr\/wp-json\/wp\/v2\/tags?post=179646"}],"curies":[{"name":"wp","href":"https:\/\/api.w.org\/{rel}","templated":true}]}}