{"id":179649,"date":"2025-06-16T01:05:13","date_gmt":"2025-06-16T01:05:13","guid":{"rendered":"https:\/\/www.europesays.com\/fr\/179649\/"},"modified":"2025-06-16T01:05:13","modified_gmt":"2025-06-16T01:05:13","slug":"le-canada-et-le-r-u-voient-le-monde-de-la-meme-facon-dit-starmer","status":"publish","type":"post","link":"https:\/\/www.europesays.com\/fr\/179649\/","title":{"rendered":"Le Canada et le R.-U. voient le monde de la m\u00eame fa\u00e7on, dit Starmer"},"content":{"rendered":"<p>OTTAWA \u2014 Les liens historiques et l&rsquo;\u00e9troite collaboration entre le Canada et le Royaume-Uni ne sont pas uniquement un simplet reflet du pass\u00e9, affirme le premier ministre britannique Keir Starmer.<\/p>\n<p>Celui-ci ajoute qu&rsquo;une telle relation est tr\u00e8s n\u00e9cessaire \u00abici et maintenant\u00bb.<\/p>\n<p>Selon lui, les deux pays du Commonwealth partagent la m\u00eame vision du monde apr\u00e8s avoir collabor\u00e9 sur de nombreux sujets, comme la s\u00e9curit\u00e9, la d\u00e9fense, le commerce et l&rsquo;\u00e9conomie.<\/p>\n<p>M. Starmer a rencontr\u00e9 dimanche matin le premier ministre canadien, Mark Carney, sur la Colline du Parlement \u00e0 Ottawa en pr\u00e9vision du Sommet du G7 qui se d\u00e9roulera \u00e0 Kananaskis, en Alberta.<\/p>\n<p>Un compte-rendu commun de la r\u00e9union indique qu&rsquo;ils ont discut\u00e9 des d\u00e9fis g\u00e9opolitiques, notamment le conflit au Moyen-Orient et les tensions dans la r\u00e9gion indo-pacifique. Ils ont \u00e9galement r\u00e9affirm\u00e9 leur soutien ind\u00e9fectible \u00e0 l&rsquo;Ukraine face \u00e0 l&rsquo;invasion russe.<\/p>\n<p>Les deux pays collaboreront par ailleurs sur plusieurs initiatives \u00e9conomiques, notamment l&rsquo;expansion des \u00e9changes commerciaux et des efforts dans les domaines des semi-conducteurs, des technologies quantiques, de l&rsquo;intelligence artificielle, de la biofabrication, de l&rsquo;\u00e9nergie nucl\u00e9aire et des min\u00e9raux critiques.<\/p>\n<p>Le Canada et le Royaume-Uni pr\u00e9voient aussi de renforcer leur coop\u00e9ration, tant sur le plan bilat\u00e9ral que dans le cadre de l&rsquo;OTAN et du partenariat du Groupe des cinq, afin de pr\u00e9server les valeurs d\u00e9mocratiques et de promouvoir la stabilit\u00e9 mondiale, ajoute le r\u00e9sum\u00e9.<\/p>\n<p>Les deux pays se sont \u00e9galement engag\u00e9s \u00e0 renforcer leur coop\u00e9ration sur les questions militaires et de renseignement, ainsi qu&rsquo;\u00e0 d\u00e9ployer des efforts conjoints pour lutter contre les menaces \u00e0 la s\u00e9curit\u00e9 nationale et renforcer la s\u00e9curit\u00e9 aux fronti\u00e8res.<\/p>\n<p>M. Starmer a indiqu\u00e9 aux journalistes que le conflit actuel entre Isra\u00ebl et l&rsquo;Iran serait au c\u0153ur du Sommet du G7, offrant ainsi aux dirigeants mondiaux l&rsquo;occasion de plaider avec force en faveur d&rsquo;une d\u00e9sescalade.<\/p>\n<p>M. Carney, un ancien gouverneur de la Banque d&rsquo;Angleterre, a affirm\u00e9 \u00eatre un admirateur de M. Starmer. Il a d\u00e9clar\u00e9 qu&rsquo;il avait beaucoup appris de lui au cours des ann\u00e9es.<\/p>\n<p>Les deux hommes ont partag\u00e9 samedi un repas dans la r\u00e9sidence officielle du premier ministre canadien, au Cottage Rideau. Tous deux ont ensuite regard\u00e9 le cinqui\u00e8me match de la s\u00e9rie finale de la coupe Stanley opposant les Panthers de la Floride et les Oilers d&rsquo;Edmonton.<\/p>\n<p>La visite du premier ministre britannique survient alors que le Canada cherche \u00e0 rouvrir les n\u00e9gociations commerciales avec le Royaume-Uni, qui ont \u00e9t\u00e9 suspendues au d\u00e9but de 2024, laissant en place un accord temporaire sign\u00e9 apr\u00e8s la sortie du Royaume-Uni de l&rsquo;Union europ\u00e9enne.<\/p>\n<p>Des points de friction subsistent en raison de la volont\u00e9 britannique d&rsquo;interdire les exportations de b\u0153uf aux hormones en provenance du Canada et des appels des agriculteurs britanniques \u00e0 exporter davantage de fromage vers le secteur laitier prot\u00e9g\u00e9 du Canada.<\/p>\n<p>Le compte-rendu pr\u00e9cise que les deux pays cr\u00e9eront un nouveau groupe de travail sur les questions \u00e9conomiques et commerciales Canada-Royaume-Uni afin d&rsquo;approfondir leurs relations commerciales.<\/p>\n<p>Ce groupe examinera la question de la suppression des obstacles \u00e0 l&rsquo;acc\u00e8s aux march\u00e9s, de l&rsquo;\u00e9largissement des accords \u00e0 de nouveaux domaines, comme le commerce num\u00e9rique, et de l&rsquo;exploration d&rsquo;une coop\u00e9ration dans l&rsquo;exploitation des min\u00e9raux critiques et la mise en place d&rsquo;infrastructures d&rsquo;intelligence artificielle.<\/p>\n<p>Le groupe de travail rendra compte de ses travaux aux deux premiers ministres dans un d\u00e9lai de six mois, a-t-il \u00e9t\u00e9 mentionn\u00e9 dans le communiqu\u00e9.<\/p>\n<p>\u2014 Avec des informations de Jim Bronskill<\/p>\n<p>Dylan Robertson, La Presse Canadienne<\/p>\n","protected":false},"excerpt":{"rendered":"OTTAWA \u2014 Les liens historiques et l&rsquo;\u00e9troite collaboration entre le Canada et le Royaume-Uni ne sont pas uniquement&hellip;\n","protected":false},"author":2,"featured_media":179650,"comment_status":"","ping_status":"","sticky":false,"template":"","format":"standard","meta":{"footnotes":""},"categories":[1588],"tags":[11,574,1777,674,2581,12,21761,473,1853,1851,1850,1852],"class_list":{"0":"post-179649","1":"post","2":"type-post","3":"status-publish","4":"format-standard","5":"has-post-thumbnail","7":"category-royaume-uni","8":"tag-actualites","9":"tag-canada","10":"tag-eu","11":"tag-europe","12":"tag-keir-starmer","13":"tag-news","14":"tag-premier-ministre-britannique","15":"tag-royaume-uni","16":"tag-royaume-uni-de-grande-bretagne-et-dirlande-du-nord","17":"tag-uk","18":"tag-united-kingdom","19":"tag-united-kingdom-of-great-britain-and-northern-ireland"},"share_on_mastodon":{"url":"https:\/\/pubeurope.com\/@fr\/114690360811959397","error":""},"_links":{"self":[{"href":"https:\/\/www.europesays.com\/fr\/wp-json\/wp\/v2\/posts\/179649","targetHints":{"allow":["GET"]}}],"collection":[{"href":"https:\/\/www.europesays.com\/fr\/wp-json\/wp\/v2\/posts"}],"about":[{"href":"https:\/\/www.europesays.com\/fr\/wp-json\/wp\/v2\/types\/post"}],"author":[{"embeddable":true,"href":"https:\/\/www.europesays.com\/fr\/wp-json\/wp\/v2\/users\/2"}],"replies":[{"embeddable":true,"href":"https:\/\/www.europesays.com\/fr\/wp-json\/wp\/v2\/comments?post=179649"}],"version-history":[{"count":0,"href":"https:\/\/www.europesays.com\/fr\/wp-json\/wp\/v2\/posts\/179649\/revisions"}],"wp:featuredmedia":[{"embeddable":true,"href":"https:\/\/www.europesays.com\/fr\/wp-json\/wp\/v2\/media\/179650"}],"wp:attachment":[{"href":"https:\/\/www.europesays.com\/fr\/wp-json\/wp\/v2\/media?parent=179649"}],"wp:term":[{"taxonomy":"category","embeddable":true,"href":"https:\/\/www.europesays.com\/fr\/wp-json\/wp\/v2\/categories?post=179649"},{"taxonomy":"post_tag","embeddable":true,"href":"https:\/\/www.europesays.com\/fr\/wp-json\/wp\/v2\/tags?post=179649"}],"curies":[{"name":"wp","href":"https:\/\/api.w.org\/{rel}","templated":true}]}}