{"id":179658,"date":"2025-06-16T01:10:10","date_gmt":"2025-06-16T01:10:10","guid":{"rendered":"https:\/\/www.europesays.com\/fr\/179658\/"},"modified":"2025-06-16T01:10:10","modified_gmt":"2025-06-16T01:10:10","slug":"face-aux-oppositions-donald-trump-se-reve-en-chef-de-guerre-civile-liberation","status":"publish","type":"post","link":"https:\/\/www.europesays.com\/fr\/179658\/","title":{"rendered":"Face aux oppositions, Donald Trump se r\u00eave en chef de guerre civile \u2013 Lib\u00e9ration"},"content":{"rendered":"<p class=\"sc-ksZaOG ehjQrN text-element\">On pouvait distinctement entendre les cha\u00eenes des chars couiner samedi 14 juin \u00e0 Washington, <a href=\"https:\/\/www.liberation.fr\/international\/amerique\/a-washington-la-parade-danniversaire-de-donald-trump-ne-fait-pas-un-hit-20250615_2EX6HW75LJFHTJDO3R6LHLIJ3Q\/\" target=\"_blank\" rel=\"nofollow noopener\" title=\"https:\/\/www.liberation.fr\/international\/amerique\/a-washington-la-parade-danniversaire-de-donald-trump-ne-fait-pas-un-hit-20250615_2EX6HW75LJFHTJDO3R6LHLIJ3Q\/\">lors de l\u2019anniversaire en majest\u00e9 que Donald Trump<\/a> avait voulu c\u00e9l\u00e9brer sous la forme d\u2019une grande parade de l\u2019arm\u00e9e am\u00e9ricaine \u2013 laquelle f\u00eatait accessoirement, son bicentenaire et demi. La pluie attendue n\u2019est certes pas venue arroser le 79e printemps du pr\u00e9sident. Mais la foule non plus, pour ne peser au final qu\u2019une fraction menue des quelque 200 000 personnes esp\u00e9r\u00e9es par l\u2019organisation \u2013 des responsables de la vaste op\u00e9ration de comm\u00e9moration patriotique, largement noyaut\u00e9s par sponsors douteux et fid\u00e8les du pr\u00e9sident, de son codirecteur de campagne en 2024 aux architectes du meeting qu\u2019il avait tenu en ces m\u00eames parages au c\u0153ur de la capitale un certain <a href=\"https:\/\/www.liberation.fr\/dossier\/impeachment-destitution-trump\/\" target=\"_blank\" rel=\"nofollow noopener\" title=\"https:\/\/www.liberation.fr\/dossier\/impeachment-destitution-trump\/\">6 janvier 2021.<\/a><\/p>\n<p class=\"sc-ksZaOG ehjQrN text-element\">Et les gradins clairsem\u00e9s samedi le long de Constitution Avenue, tandis que d\u00e9filaient infanterie plus ou moins perruqu\u00e9e et v\u00e9hicules militaires, auront donc trouv\u00e9 un contre-champ part<\/p>\n","protected":false},"excerpt":{"rendered":"On pouvait distinctement entendre les cha\u00eenes des chars couiner samedi 14 juin \u00e0 Washington, lors de l\u2019anniversaire en&hellip;\n","protected":false},"author":2,"featured_media":179659,"comment_status":"","ping_status":"","sticky":false,"template":"","format":"standard","meta":{"footnotes":""},"categories":[2],"tags":[11,75,73,1011,27,12,25],"class_list":{"0":"post-179658","1":"post","2":"type-post","3":"status-publish","4":"format-standard","5":"has-post-thumbnail","7":"category-actualites","8":"tag-actualites","9":"tag-donald-trump","10":"tag-etats-unis","11":"tag-fr","12":"tag-france","13":"tag-news","14":"tag-republique-francaise"},"share_on_mastodon":{"url":"https:\/\/pubeurope.com\/@fr\/114690380680551579","error":""},"_links":{"self":[{"href":"https:\/\/www.europesays.com\/fr\/wp-json\/wp\/v2\/posts\/179658","targetHints":{"allow":["GET"]}}],"collection":[{"href":"https:\/\/www.europesays.com\/fr\/wp-json\/wp\/v2\/posts"}],"about":[{"href":"https:\/\/www.europesays.com\/fr\/wp-json\/wp\/v2\/types\/post"}],"author":[{"embeddable":true,"href":"https:\/\/www.europesays.com\/fr\/wp-json\/wp\/v2\/users\/2"}],"replies":[{"embeddable":true,"href":"https:\/\/www.europesays.com\/fr\/wp-json\/wp\/v2\/comments?post=179658"}],"version-history":[{"count":0,"href":"https:\/\/www.europesays.com\/fr\/wp-json\/wp\/v2\/posts\/179658\/revisions"}],"wp:featuredmedia":[{"embeddable":true,"href":"https:\/\/www.europesays.com\/fr\/wp-json\/wp\/v2\/media\/179659"}],"wp:attachment":[{"href":"https:\/\/www.europesays.com\/fr\/wp-json\/wp\/v2\/media?parent=179658"}],"wp:term":[{"taxonomy":"category","embeddable":true,"href":"https:\/\/www.europesays.com\/fr\/wp-json\/wp\/v2\/categories?post=179658"},{"taxonomy":"post_tag","embeddable":true,"href":"https:\/\/www.europesays.com\/fr\/wp-json\/wp\/v2\/tags?post=179658"}],"curies":[{"name":"wp","href":"https:\/\/api.w.org\/{rel}","templated":true}]}}