{"id":17966,"date":"2025-04-11T18:31:10","date_gmt":"2025-04-11T18:31:10","guid":{"rendered":"https:\/\/www.europesays.com\/fr\/17966\/"},"modified":"2025-04-11T18:31:10","modified_gmt":"2025-04-11T18:31:10","slug":"champions-cup-pourquoi-il-ny-a-pas-eu-de-debat-entre-ntamack-et-mallia-les-explications-dugo-mola","status":"publish","type":"post","link":"https:\/\/www.europesays.com\/fr\/17966\/","title":{"rendered":"Champions Cup. Pourquoi il n&rsquo;y a pas eu de d\u00e9bat entre Ntamack et Mall\u00eda : les explications d&rsquo;Ugo Mola"},"content":{"rendered":"<p>            Par<br \/>\n        <strong><br \/>\n            <a href=\"https:\/\/actu.fr\/auteur\/thomas-corbet-actu-fr\" title=\"Consulter tous les articles de Thomas Corbet\" target=\"_blank\" rel=\"noopener\">Thomas Corbet<\/a><br \/>\n        <\/strong><\/p>\n<p>        Publi\u00e9 le<\/p>\n<p>            11 avr. 2025 \u00e0 15h27        <\/p>\n<p>Alors que le <strong>Stade Toulousain<\/strong> peut compter sur <a href=\"https:\/\/actu.fr\/occitanie\/toulouse_31555\/champions-cup-deux-retours-de-poids-avant-le-quart-quelle-equipe-pour-toulouse-contre-toulon_62482020.html\" target=\"_blank\" rel=\"noopener\">deux retours de poids<\/a> avant son <a href=\"https:\/\/actu.fr\/sports\/rugby\/pro\/champions-cup-drean-titulaire-retour-de-baille-et-mauvaka-les-compos-pour-le-1-4-de-finale-toulon-toulouse_62499236.html\" target=\"_blank\" rel=\"noopener\">quart de finale de Champions Cup<\/a> contre Toulon, c\u2019est forc\u00e9ment une rude concurrence que se livrent les Rouge et Noir \u00e0 tous les postes. En ce qui concerne celui de demi d\u2019ouverture, Ugo Mola affirme <strong>ne pas avoir h\u00e9sit\u00e9 entre Romain Ntamack et Juan Cruz Mall\u00eda<\/strong>.\u00a0<\/p>\n<p>Toulouse : pas de d\u00e9bat Ntamack \u2013 Mall\u00eda<\/p>\n<p class=\" wall-content\">Romain Ntamack n\u2019a pas souhait\u00e9 revenir sur sa prestation en 8e de finale de Champions Cup 48 heures avant d\u2019enchainer sur le quart, estimant qu\u2019il avait \u00ab\u00a0assez parl\u00e9 de lui\u00a0\u00bb ces derniers temps.<\/p>\n<p class=\" wall-content\">D\u2019autres ne s\u2019\u00e9taient en revanche pas g\u00ean\u00e9s de le faire \u00e0 sa place ici et l\u00e0, invoquant une copie mitig\u00e9e de l\u2019ouvreur de Toulouse et du XV de France contre Sale. Appelant m\u00eame \u00e0 voir Juan Cruz Mall\u00eda titularis\u00e9 \u00e0 sa place \u00e0 Mayol (dimanche \u00e0 16h).<\/p>\n<p class=\" wall-content\">Pour Ugo Mola, pas de d\u00e9bat : \u00ab\u00a0Sur notre organisation, Romain a commenc\u00e9 tous les matchs de la campagne europ\u00e9enne. Donc on ne s\u2019est pas du tout pos\u00e9 la question.\u00a0\u00bb<\/p>\n<p class=\" wall-content\">Et c\u2019est bien l\u2019enfant du club qui d\u00e9butera \u00e0 Toulon avec le num\u00e9ro 10 dans le dos.<\/p>\n<p>Tant qu\u2019il y a Mall\u00eda\u2026<\/p>\n<p class=\" wall-content\">Trancher dans le sens de Romain Ntamack, m\u00eame s\u2019il est probablement admis par tous qu\u2019il montera encore en puissance avant la fin de la saison, n\u2019est pas un d\u00e9saveu pour son partenaire argentin. Loin s\u2019en faut !<\/p>\n<p>Vid\u00e9os : en ce moment sur Actu<\/p>\n<p class=\" wall-content\">Ugo Mola d\u00e9taille : \u00ab\u00a0Juan Cruz nous am\u00e8ne un autre rugby, d\u2019autres qualit\u00e9s, qu\u2019il est capable d\u2019exprimer \u00e0 pas mal de postes. Et donc de le retrouver \u00e0 l\u2019aile en lieu et place d\u2019Ange Capuozzo, c\u2019est aussi un moyen d\u2019avoir un bon joueur de plus sur le terrain. Je l\u2019ai souvent dit, on commence avec un num\u00e9ro, mais le r\u00f4le que l\u2019on a \u00e0 tenir sur le terrain est d\u00e9pendant aussi des qualit\u00e9s que l\u2019on a \u00e0 exprimer, des besoins qu\u2019a l\u2019\u00e9quipe en fonction de vous.\u00a0\u00bb<\/p>\n<p class=\" wall-content\">Et cl\u00f4t le non d\u00e9bat dans un sourire : \u00ab\u00a0Juan Cruz, d\u00e8s l\u2019instant qu\u2019il est sur le terrain, je suis un entra\u00eeneur un peu plus rassur\u00e9 !\u00a0\u00bb<\/p>\n<p class=\" wall-content\">Suivez toute l\u2019actualit\u00e9 de vos villes et m\u00e9dias favoris en vous inscrivant \u00e0 <a href=\"https:\/\/moncompte.actu.fr\" title=\"D\u00e9couvez Mon Actu\" rel=\"nofollow noopener\" data-trk=\"{&quot;cta&quot;:{&quot;action&quot;:&quot;https:\\\/\\\/moncompte.actu.fr&quot;,&quot;category&quot;:&quot;mon compte&quot;,&quot;from&quot;:&quot;article footer&quot;,&quot;name&quot;:&quot;Mon actu&quot;,&quot;type&quot;:&quot;cta&quot;}}\" target=\"_blank\">Mon Actu<\/a>.<\/p>\n<ul class=\"ac-article-tag wall-content\">\n<li><a href=\"https:\/\/actu.fr\/tag\/romain-ntamack\" data-trk=\"{&quot;cta&quot;:{&quot;action&quot;:&quot;Romain Ntamack&quot;,&quot;category&quot;:&quot;tag&quot;,&quot;from&quot;:&quot;article footer&quot;,&quot;name&quot;:&quot;Romain Ntamack&quot;,&quot;type&quot;:&quot;cta&quot;}}\" target=\"_blank\" rel=\"noopener\">#Romain Ntamack<\/a><\/li>\n<li><a href=\"https:\/\/actu.fr\/tag\/stade-toulousain\" data-trk=\"{&quot;cta&quot;:{&quot;action&quot;:&quot;Stade toulousain&quot;,&quot;category&quot;:&quot;tag&quot;,&quot;from&quot;:&quot;article footer&quot;,&quot;name&quot;:&quot;Stade toulousain&quot;,&quot;type&quot;:&quot;cta&quot;}}\" target=\"_blank\" rel=\"noopener\">#Stade toulousain<\/a><\/li>\n<\/ul>\n","protected":false},"excerpt":{"rendered":"Par Thomas Corbet Publi\u00e9 le 11 avr. 2025 \u00e0 15h27 Alors que le Stade Toulousain peut compter sur&hellip;\n","protected":false},"author":2,"featured_media":17967,"comment_status":"","ping_status":"","sticky":false,"template":"","format":"standard","meta":{"footnotes":""},"categories":[1416],"tags":[1089,1011,27,7205,479,1468,60,476],"class_list":{"0":"post-17966","1":"post","2":"type-post","3":"status-publish","4":"format-standard","5":"has-post-thumbnail","7":"category-rugby","8":"tag-coupe-deurope","9":"tag-fr","10":"tag-france","11":"tag-romain-ntamack","12":"tag-rugby","13":"tag-rugby-football","14":"tag-sports","15":"tag-stade-toulousain"},"share_on_mastodon":{"url":"https:\/\/pubeurope.com\/@fr\/114320761468631685","error":""},"_links":{"self":[{"href":"https:\/\/www.europesays.com\/fr\/wp-json\/wp\/v2\/posts\/17966","targetHints":{"allow":["GET"]}}],"collection":[{"href":"https:\/\/www.europesays.com\/fr\/wp-json\/wp\/v2\/posts"}],"about":[{"href":"https:\/\/www.europesays.com\/fr\/wp-json\/wp\/v2\/types\/post"}],"author":[{"embeddable":true,"href":"https:\/\/www.europesays.com\/fr\/wp-json\/wp\/v2\/users\/2"}],"replies":[{"embeddable":true,"href":"https:\/\/www.europesays.com\/fr\/wp-json\/wp\/v2\/comments?post=17966"}],"version-history":[{"count":0,"href":"https:\/\/www.europesays.com\/fr\/wp-json\/wp\/v2\/posts\/17966\/revisions"}],"wp:featuredmedia":[{"embeddable":true,"href":"https:\/\/www.europesays.com\/fr\/wp-json\/wp\/v2\/media\/17967"}],"wp:attachment":[{"href":"https:\/\/www.europesays.com\/fr\/wp-json\/wp\/v2\/media?parent=17966"}],"wp:term":[{"taxonomy":"category","embeddable":true,"href":"https:\/\/www.europesays.com\/fr\/wp-json\/wp\/v2\/categories?post=17966"},{"taxonomy":"post_tag","embeddable":true,"href":"https:\/\/www.europesays.com\/fr\/wp-json\/wp\/v2\/tags?post=17966"}],"curies":[{"name":"wp","href":"https:\/\/api.w.org\/{rel}","templated":true}]}}