{"id":179664,"date":"2025-06-16T01:13:10","date_gmt":"2025-06-16T01:13:10","guid":{"rendered":"https:\/\/www.europesays.com\/fr\/179664\/"},"modified":"2025-06-16T01:13:10","modified_gmt":"2025-06-16T01:13:10","slug":"basket-3x3-beach-volley-words-appart-tragedie-larusso-le-beach-sport-festival-approche-a-saint-laurent-du-var","status":"publish","type":"post","link":"https:\/\/www.europesays.com\/fr\/179664\/","title":{"rendered":"Basket 3&#215;3, beach volley, Words Appart, Trag\u00e9die, Larusso&#8230; le Beach sport festival approche \u00e0 Saint-Laurent-du-Var"},"content":{"rendered":"<p>Sable, sport, Musique. C\u2019est le triptyque du Beach Sport Festival, qui se d\u00e9roule au moins de juillet sur la plage de Saint-Laurent-du-Var, au niveau de Cap 3000.<\/p>\n<p>\u00ab\u00a0On monte en puissance pour cette 4e \u00e9dition, je suis un maire heureux\u00a0\u00bb, dit Joseph Segura, lors de la pr\u00e9sentation officielle du programme, jeudi 12 juin \u00e0 Cap 3000.<\/p>\n<p>De la musique&#8230;<\/p>\n<p>C\u00f4t\u00e9 musique, tout commencera <b>mardi 1er juillet,<\/b> avec le concert inaugural gratuit Kiss FM live (r\u00e9servation obligatoire) \u00e0 partir de 20h30.<\/p>\n<p>Ensuite, rendez-vous <b>mardi 15 juillet<\/b> avec le concert caritatif Beach 90 (de 26\u20ac \u00e0 35\u20ac). Au menu, les tubes cultes des ann\u00e9es 90 qui ont marqu\u00e9 toute une g\u00e9n\u00e9ration, avec Charlie et Lulu aux manettes. C\u00f4t\u00e9 groupes, Words Appart, Menelik, Trag\u00e9die, Larusso, L5, Billy Crawford&#8230; L\u2019int\u00e9gralit\u00e9 des b\u00e9n\u00e9fices sera revers\u00e9e aux associations partenaires: AFM-T\u00e9l\u00e9thon, Ligue contre le cancer, Attrap\u2019la Balle.<\/p>\n<p>Enfin, pour terminer c\u00f4t\u00e9 musique, l\u2019ambassadeur de la gipsy-pop Kendji Girac viendra mettre le feu <b>mardi 22 juillet,<\/b> pour f\u00eater ses 10 ans de carri\u00e8re. La star avait d\u00e9fray\u00e9 la chronique en avril 2024, apr\u00e8s s\u2019\u00eatre tir\u00e9 une balle en direction du c\u0153ur. <a href=\"https:\/\/www.nicematin.com\/faits-divers\/affaire-kendji-girac-qui-est-soraya-la-compagne-de-chanteur-qui-a-voulu-simuler-un-suicide-apres-une-dispute-917696\" rel=\"nofollow noopener\" target=\"_blank\">Il avait dit avoir \u00ab\u00a0simul\u00e9 un suicide\u00a0\u00bb pour faire peur \u00e0 sa compagne qui mena\u00e7ait de le quitter<\/a>.<\/p>\n<p>&#8230; et du sport<\/p>\n<p>C\u00f4t\u00e9 sport, samedi 5 juillet, place au grand tournoi Riviera Flag Bowl, 2e \u00e9dition. Organis\u00e9 en partenariat avec le Comit\u00e9 d\u00e9partemental de football am\u00e9ricain, ce tournoi mettra \u00e0 l\u2019honneur le Beach flag foot US, une version sans contact du football am\u00e9ricain, sur le sable. De 10h \u00e0 17h, le public sera invit\u00e9 \u00e0 des initiations. Et de 17h \u00e0 23h, place \u00e0 la comp\u00e9tition, avec un grand tournoi national r\u00e9unissant des \u00e9quipes venues de toute la France.<\/p>\n<p>Dimanche 6 juillet: Footvolley, avec une premi\u00e8re historique. Il s\u2019agit en effet de la toute premi\u00e8re Coupe de France officielle de cette discipline spectaculaire, en co-organisation avec le Footvolley club laurentin. Jongles, reprises acrobatiques, t\u00eates plongeantes&#8230; spectacle garanti pour ce sport n\u00e9 sur les plages de Rio dans les ann\u00e9es 60.<\/p>\n<p>Du jeudi 10 au dimanche 13 juillet, place au Beach tennis! \u00c0 mi-chemin entre tennis et volley-ball, le Beach sport festival accueille une \u00e9tape officielle du circuit mondiale: le prestigieux ITF BT200. Les meilleurs joueurs mondiaux seront \u00e0 Saint-Laurent-du-Var. Les matchs de qualifications se d\u00e9rouleront jeudi, et les tableaux principaux masculins et f\u00e9minins se d\u00e9rouleront du vendredi au dimanche.<\/p>\n<p>Du vendredi 18 au dimanche 20 juillet, c\u2019est le tant attendu championnat de France de Beach volley, la r\u00e9f\u00e9rence \u00e0 Saint-Laurent. Pour la quatri\u00e8me ann\u00e9e cons\u00e9cutive, les meilleurs paires masculines et f\u00e9minines de l\u2019Hexagone s\u2019affronteront devant Cap 3000.<\/p>\n<p>Et enfin, dans le sillage des jeux olympiques de Paris, Saint-Laurent-du-Var accueillera pour la premi\u00e8re fois du jeudi 24 juillet au dimanche 27 juillet les finales de l\u2019open de France de basket 3&#215;3. Les meilleures \u00e9quipes masculines et f\u00e9minines, seniors comme juniors, se donneront rendez-vous sur la plage Cousteau. Sur un demi-terrain, avec un seul panier, le rythme s\u2019annonce effr\u00e9n\u00e9, les duels explosifs, et le show permanent.<\/p>\n<p>Pour les enfants<\/p>\n<p>Mercredi 2 juillet, les diff\u00e9rents partenaires sportifs et associatifs organiseront des initiations gratuites pour les enfants du territoire, par le biais de diff\u00e9rents ateliers, pour promouvoir l\u2019activit\u00e9 physique \u00e0 tout \u00e2ge.<\/p>\n","protected":false},"excerpt":{"rendered":"Sable, sport, Musique. C\u2019est le triptyque du Beach Sport Festival, qui se d\u00e9roule au moins de juillet sur&hellip;\n","protected":false},"author":2,"featured_media":179665,"comment_status":"","ping_status":"","sticky":false,"template":"","format":"standard","meta":{"footnotes":""},"categories":[1417],"tags":[1011,27,60,1470,1469],"class_list":{"0":"post-179664","1":"post","2":"type-post","3":"status-publish","4":"format-standard","5":"has-post-thumbnail","7":"category-volley","8":"tag-fr","9":"tag-france","10":"tag-sports","11":"tag-volley","12":"tag-volleyball"},"share_on_mastodon":{"url":"https:\/\/pubeurope.com\/@fr\/114690392318091330","error":""},"_links":{"self":[{"href":"https:\/\/www.europesays.com\/fr\/wp-json\/wp\/v2\/posts\/179664","targetHints":{"allow":["GET"]}}],"collection":[{"href":"https:\/\/www.europesays.com\/fr\/wp-json\/wp\/v2\/posts"}],"about":[{"href":"https:\/\/www.europesays.com\/fr\/wp-json\/wp\/v2\/types\/post"}],"author":[{"embeddable":true,"href":"https:\/\/www.europesays.com\/fr\/wp-json\/wp\/v2\/users\/2"}],"replies":[{"embeddable":true,"href":"https:\/\/www.europesays.com\/fr\/wp-json\/wp\/v2\/comments?post=179664"}],"version-history":[{"count":0,"href":"https:\/\/www.europesays.com\/fr\/wp-json\/wp\/v2\/posts\/179664\/revisions"}],"wp:featuredmedia":[{"embeddable":true,"href":"https:\/\/www.europesays.com\/fr\/wp-json\/wp\/v2\/media\/179665"}],"wp:attachment":[{"href":"https:\/\/www.europesays.com\/fr\/wp-json\/wp\/v2\/media?parent=179664"}],"wp:term":[{"taxonomy":"category","embeddable":true,"href":"https:\/\/www.europesays.com\/fr\/wp-json\/wp\/v2\/categories?post=179664"},{"taxonomy":"post_tag","embeddable":true,"href":"https:\/\/www.europesays.com\/fr\/wp-json\/wp\/v2\/tags?post=179664"}],"curies":[{"name":"wp","href":"https:\/\/api.w.org\/{rel}","templated":true}]}}