{"id":179676,"date":"2025-06-16T01:19:08","date_gmt":"2025-06-16T01:19:08","guid":{"rendered":"https:\/\/www.europesays.com\/fr\/179676\/"},"modified":"2025-06-16T01:19:08","modified_gmt":"2025-06-16T01:19:08","slug":"cyclisme-criterium-du-dauphine-florian-lipowitz-jai-plus-confiance-hate-du-tour","status":"publish","type":"post","link":"https:\/\/www.europesays.com\/fr\/179676\/","title":{"rendered":"Cyclisme. Crit\u00e9rium du Dauphin\u00e9 &#8211; Florian Lipowitz : \u00abJ&rsquo;ai plus confiance, h\u00e2te du Tour\u00bb"},"content":{"rendered":"<p><strong>Florian Lipowitz<\/strong> a r\u00e9alis\u00e9 un sacr\u00e9 <a href=\"https:\/\/www.cyclismactu.net\/..\/news-criterium-du-dauphine-route-lenny-martinez-remporte-8e-etape-tadej-pogacar-sacre-88373.html\" target=\"_blank\" rel=\"noopener\"><strong>Crit\u00e9rium du Dauphin\u00e9<\/strong><\/a> ! S&rsquo;il a \u00e9t\u00e9 l\u00e9g\u00e8rement mis en difficult\u00e9 ce dimanche sur la 8e et derni\u00e8re \u00e9tape, l&rsquo;Allemand de la <strong>Red Bull-BORA-hansgrohe<\/strong> a gard\u00e9 son calme et a sans trembl\u00e9 conserv\u00e9 sa 3e place au classement g\u00e9n\u00e9ral, derri\u00e8re les intouchables\u00a0<strong>Jonas Vingegaard <\/strong>(Team Visma | Lease a Bike) et <strong>Tadej Pogacar <\/strong>(UAE Team Emirates XRG). Une performance XXL pour Lipowitz et tr\u00e8s encourageante \u00e0 quelques semaines du <strong>Tour de France<\/strong>.<\/p>\n<p>Vid\u00e9o &#8211; Florian Lipowitz \u00e0 l&rsquo;arriv\u00e9e de ce Crit\u00e9rium du Dauphin\u00e9 Lire la suite de l&rsquo;article&#13;<\/p>\n<p>\u00a0<\/p>\n<p>&#13;<br \/>\n\u00ab\u00a0Je n\u2019avais pas les meilleures jambes\u00a0\u00bb&#13;<\/p>\n<p>\u00ab\u00a0Je m\u2019attendais \u00e0 ce que d\u2019autres tentent quelque chose aujourd\u2019hui.  Je n\u2019avais pas les meilleures jambes et j\u2019ai beaucoup souffert. Donc je  suis super content de la force collective qu\u2019on a montr\u00e9e avec l\u2019\u00e9quipe.  Nous avons pu s\u00e9curiser la 3e place au classement g\u00e9n\u00e9ral\u00a0\u00bb, a d\u00e9clar\u00e9 <strong>Lipowitz<\/strong>. \u00ab\u00a0Jamais je  n\u2019aurais imagin\u00e9 pouvoir me battre \u00e0 ce niveau sur le Crit\u00e9rium du  Dauphin\u00e9. C\u2019est une semaine incroyable pour moi et je suis ravi du  r\u00e9sultat\u00a0\u00bb, poursuit-il. \u00ab\u00a0Trois semaines, ce sera super dur, mais maintenant j\u2019ai plus de confiance, et j\u2019ai vraiment h\u00e2te d\u2019\u00eatre au Tour de France.\u00a0\u00bb<\/p>\n<p>Criterium du Dauphine &#8211; Classement de la 8\u00e8 \u00e9tape Criterium du Dauphine &#8211; Classement g\u00e9n\u00e9ral<\/p>\n","protected":false},"excerpt":{"rendered":"Florian Lipowitz a r\u00e9alis\u00e9 un sacr\u00e9 Crit\u00e9rium du Dauphin\u00e9 ! S&rsquo;il a \u00e9t\u00e9 l\u00e9g\u00e8rement mis en difficult\u00e9 ce&hellip;\n","protected":false},"author":2,"featured_media":179677,"comment_status":"","ping_status":"","sticky":false,"template":"","format":"standard","meta":{"footnotes":""},"categories":[1411],"tags":[24803,1154,207,211,1011,27,209,60,210,212,208,213],"class_list":{"0":"post-179676","1":"post","2":"type-post","3":"status-publish","4":"format-standard","5":"has-post-thumbnail","7":"category-cyclisme","8":"tag-criterium-du-dauphine","9":"tag-cycling","10":"tag-cyclisme","11":"tag-ffc","12":"tag-fr","13":"tag-france","14":"tag-route","15":"tag-sports","16":"tag-tour-de-france","17":"tag-uci","18":"tag-velo","19":"tag-world-tour"},"share_on_mastodon":{"url":"https:\/\/pubeurope.com\/@fr\/114690415881002921","error":""},"_links":{"self":[{"href":"https:\/\/www.europesays.com\/fr\/wp-json\/wp\/v2\/posts\/179676","targetHints":{"allow":["GET"]}}],"collection":[{"href":"https:\/\/www.europesays.com\/fr\/wp-json\/wp\/v2\/posts"}],"about":[{"href":"https:\/\/www.europesays.com\/fr\/wp-json\/wp\/v2\/types\/post"}],"author":[{"embeddable":true,"href":"https:\/\/www.europesays.com\/fr\/wp-json\/wp\/v2\/users\/2"}],"replies":[{"embeddable":true,"href":"https:\/\/www.europesays.com\/fr\/wp-json\/wp\/v2\/comments?post=179676"}],"version-history":[{"count":0,"href":"https:\/\/www.europesays.com\/fr\/wp-json\/wp\/v2\/posts\/179676\/revisions"}],"wp:featuredmedia":[{"embeddable":true,"href":"https:\/\/www.europesays.com\/fr\/wp-json\/wp\/v2\/media\/179677"}],"wp:attachment":[{"href":"https:\/\/www.europesays.com\/fr\/wp-json\/wp\/v2\/media?parent=179676"}],"wp:term":[{"taxonomy":"category","embeddable":true,"href":"https:\/\/www.europesays.com\/fr\/wp-json\/wp\/v2\/categories?post=179676"},{"taxonomy":"post_tag","embeddable":true,"href":"https:\/\/www.europesays.com\/fr\/wp-json\/wp\/v2\/tags?post=179676"}],"curies":[{"name":"wp","href":"https:\/\/api.w.org\/{rel}","templated":true}]}}