{"id":179680,"date":"2025-06-16T01:21:03","date_gmt":"2025-06-16T01:21:03","guid":{"rendered":"https:\/\/www.europesays.com\/fr\/179680\/"},"modified":"2025-06-16T01:21:03","modified_gmt":"2025-06-16T01:21:03","slug":"caroline-anglade-et-melody-gardot-en-larmes-moment-dechirant-dans-un-dimanche-a-la-campagne","status":"publish","type":"post","link":"https:\/\/www.europesays.com\/fr\/179680\/","title":{"rendered":"Caroline Anglade et Melody Gardot en larmes : moment d\u00e9chirant dans Un dimanche \u00e0 la campagne"},"content":{"rendered":"<p>Comme \u00e0 chaque \u00e9dition, <strong>Fr\u00e9d\u00e9ric Lopez<\/strong> a re\u00e7u<br \/>\nses trois invit\u00e9s dans <a href=\"https:\/\/www.telestar.fr\/actu_tv\/un-dimanche-a-la-campagne-france-2-qui-sont-les-invites-de-frederic-lopez-ce-15-juin-1724617\" rel=\"nofollow noopener\" target=\"_blank\"><br \/>\nUn dimanche \u00e0 la campagne<\/a>, sur France 2, ce<br \/>\ndimanche 15 juin. Ainsi, <strong>Laurent Ruquier<\/strong>, <a href=\"https:\/\/www.closermag.fr\/people\/info-closer-caroline-anglade-enceinte-ses-confidences-sur-sa-deuxieme-grossesse-1099130#item=1\" rel=\"nofollow noopener\" target=\"_blank\"><br \/>\nCaroline Anglade<\/a> et <strong>Melody Gardot<\/strong> se sont<br \/>\nassis face \u00e0 Fr\u00e9d\u00e9ric Lopez. De nombreuses confidences ont \u00e9t\u00e9<br \/>\nfaites et certaines ont \u00e9t\u00e9 accompagn\u00e9es par beaucoup<br \/>\nd&rsquo;\u00e9motions.<\/p>\n<p>Caroline Anglade s\u2019est notamment confi\u00e9e sur son enfance et son<br \/>\nadolescence marqu\u00e9es par <strong>l\u2019absence de son p\u00e8re<\/strong>.<br \/>\nL\u2019actrice fran\u00e7aise s\u2019\u00e9tait \u00e9galement ouverte sur le retour de ce<br \/>\np\u00e8re de famille absent, des excuses qu\u2019il avait formul\u00e9es. Cela peu<br \/>\navant sa mort. Des confidences touchantes, \u00e9tonnantes\u2026<\/p>\n<p>Caroline Anglade fond en larmes en \u00e9coutant Melody Gardot<\/p>\n<p>Les confidences de <a href=\"https:\/\/www.closermag.fr\/people\/photo-melody-gardot-temoigne-et-publie-un-poignant-post-sur-les-violences-conjug-999291#item=1\" rel=\"nofollow noopener\" target=\"_blank\"><br \/>\nMelody Gardot<\/a> ont form\u00e9 l\u2019un des moments les plus touchants de<br \/>\nl\u2019\u00e9mission <strong>Un dimanche \u00e0 la campagne<\/strong> de<br \/>\nce 15 juin. Enceinte, la chanteuse de 40 ans s\u2019est notamment<br \/>\nconfi\u00e9e sur sa grossesse ainsi que sa <strong>rupture avec le<br \/>\np\u00e8re<\/strong> de son b\u00e9b\u00e9. Fr\u00e9d\u00e9ric Lopez lui a notamment demand\u00e9<br \/>\nde d\u00e9velopper ses mots sur les r\u00e9seaux sociaux disant : \u00ab\u00a0Je ne<br \/>\nlaisserai pas un homme <strong>transformer un miracle en<br \/>\nerreur<\/strong>\u00ab\u00a0.<\/p>\n<p>La chanteuse avoue qu\u2019elle n\u2019avait rien demand\u00e9. Comme chaque<br \/>\nhistoire d\u2019amour, la c\u00e9libataire endurcie qui voulait se concentrer<br \/>\nsur sa musique est tomb\u00e9e sous le charme de cet homme<br \/>\n\u00ab\u00a0formidable\u00a0\u00bb. \u00ab\u00a0Mais il y avait quelque chose, je me<br \/>\nsuis retrouv\u00e9 en face de <strong>quelqu&rsquo;un en pleine<br \/>\npanique<\/strong>, qui \u00e9tait <strong>en train de<br \/>\nreculer<\/strong> et qui, au lieu d&rsquo;avancer, d\u00e9cide de dire<br \/>\n&lsquo;on verra'\u00a0\u00bb\u00a0\u00bb, regrette-t-elle.<\/p>\n<blockquote class=\"instagram-media\" style=\"background: #ffffff;border: 0;margin: 1px;width: 100%;padding: 0;max-width: 500px;\" data-instgrm-permalink=\"https:\/\/www.instagram.com\/p\/DK7UsfRqyTf\/?utm_source=ig_web_copy_link&amp;igsh=MzRlODBiNWFlZA==\" data-instgrm-version=\"14\"\/><p>\nMelody Gardot : Caroline Anglade\u2026 \u00ab\u00a0on<br \/>\nva pleurer deux secondes\u00a0\u00bb<\/p>\n<p>A <strong>Fr\u00e9d\u00e9ric Lopez<\/strong>, <strong>Melody<br \/>\nGardot<\/strong> revient sur sa <strong>fausse couche<\/strong>.<br \/>\nD\u2019ailleurs, les m\u00e9decins lui auraient affirm\u00e9 qu\u2019il lui serait<br \/>\nimpossible d\u2019\u00eatre m\u00e8re. Cette grossesse, malheureusement s\u2019est<br \/>\narr\u00eat\u00e9e \u00e0 11 semaines quand son \u00ab\u00a0c\u0153ur s\u2019est arr\u00eat\u00e9\u00a0\u00bb. Le<br \/>\ntraumatisme de cette trag\u00e9die l\u2019avait rendue nerveuse pour cette<br \/>\ndeuxi\u00e8me grossesse. \u00ab\u00a0Parce qu&rsquo;on ne sait pas si c&rsquo;est<br \/>\n<strong>la m\u00eame histoire<\/strong>\u00ab\u00a0, avoue-t-elle.<\/p>\n<p>Ressentant le poids, la tristesse de cette histoire,<br \/>\n<strong>Caroline Anglade<\/strong> n\u2019a pas su retenir ses larmes.<br \/>\nEgalement en larmes, Melody Gardot avait alors blagu\u00e9 : \u00ab\u00a0on va<br \/>\npleurer deux secondes\u00a0\u00bb. Dans son \u00e9lan, l\u2019artiste poursuit :<br \/>\n\u00ab\u00a0Je pleure presque tous les matins, tous les soirs\u00a0\u00bb.<br \/>\n\u00ab\u00a0Je suis forte. Je l&rsquo;\u00e9tais toujours. Mais en ce moment, \u00e0 40<br \/>\nans, l\u00e0, parfois&#8230; Je suis juste un peu <strong>fatigu\u00e9e<br \/>\nd&rsquo;avoir besoin d&rsquo;\u00eatre forte<\/strong>\u00ab\u00a0, a-t-elle ajout\u00e9.<\/p>\n<p><script async src=\"\/\/www.instagram.com\/embed.js\"><\/script><\/p>\n","protected":false},"excerpt":{"rendered":"Comme \u00e0 chaque \u00e9dition, Fr\u00e9d\u00e9ric Lopez a re\u00e7u ses trois invit\u00e9s dans Un dimanche \u00e0 la campagne, sur&hellip;\n","protected":false},"author":2,"featured_media":179681,"comment_status":"","ping_status":"","sticky":false,"template":"","format":"standard","meta":{"footnotes":""},"categories":[1359],"tags":[548,58,59,1011,27,1759,973],"class_list":{"0":"post-179680","1":"post","2":"type-post","3":"status-publish","4":"format-standard","5":"has-post-thumbnail","7":"category-people","8":"tag-article-simple","9":"tag-divertissement","10":"tag-entertainment","11":"tag-fr","12":"tag-france","13":"tag-laurent-ruquier","14":"tag-people"},"share_on_mastodon":{"url":"https:\/\/pubeurope.com\/@fr\/114690423922674837","error":""},"_links":{"self":[{"href":"https:\/\/www.europesays.com\/fr\/wp-json\/wp\/v2\/posts\/179680","targetHints":{"allow":["GET"]}}],"collection":[{"href":"https:\/\/www.europesays.com\/fr\/wp-json\/wp\/v2\/posts"}],"about":[{"href":"https:\/\/www.europesays.com\/fr\/wp-json\/wp\/v2\/types\/post"}],"author":[{"embeddable":true,"href":"https:\/\/www.europesays.com\/fr\/wp-json\/wp\/v2\/users\/2"}],"replies":[{"embeddable":true,"href":"https:\/\/www.europesays.com\/fr\/wp-json\/wp\/v2\/comments?post=179680"}],"version-history":[{"count":0,"href":"https:\/\/www.europesays.com\/fr\/wp-json\/wp\/v2\/posts\/179680\/revisions"}],"wp:featuredmedia":[{"embeddable":true,"href":"https:\/\/www.europesays.com\/fr\/wp-json\/wp\/v2\/media\/179681"}],"wp:attachment":[{"href":"https:\/\/www.europesays.com\/fr\/wp-json\/wp\/v2\/media?parent=179680"}],"wp:term":[{"taxonomy":"category","embeddable":true,"href":"https:\/\/www.europesays.com\/fr\/wp-json\/wp\/v2\/categories?post=179680"},{"taxonomy":"post_tag","embeddable":true,"href":"https:\/\/www.europesays.com\/fr\/wp-json\/wp\/v2\/tags?post=179680"}],"curies":[{"name":"wp","href":"https:\/\/api.w.org\/{rel}","templated":true}]}}