{"id":179686,"date":"2025-06-16T01:24:20","date_gmt":"2025-06-16T01:24:20","guid":{"rendered":"https:\/\/www.europesays.com\/fr\/179686\/"},"modified":"2025-06-16T01:24:20","modified_gmt":"2025-06-16T01:24:20","slug":"casting-intrigues-ce-que-lon-sait-deja-sur-la-suite-de-la-serie-adaptee-du-jeu-video","status":"publish","type":"post","link":"https:\/\/www.europesays.com\/fr\/179686\/","title":{"rendered":"Casting, intrigues&#8230; Ce que l&rsquo;on sait d\u00e9j\u00e0 sur la suite de la s\u00e9rie adapt\u00e9e du jeu vid\u00e9o"},"content":{"rendered":"<p>C&rsquo;\u00e9tait indiscutablement l&rsquo;un des grands \u00e9v\u00e9nements s\u00e9rie des mois d&rsquo;avril et mai 2025 : apr\u00e8s le succ\u00e8s retentissant de la saison 1 de The Last of Us, qui <a href=\"https:\/\/www.programme-tv.net\/news\/series-tv\/318721-the-last-of-us-prime-video-bat-un-record-que-meme-game-of-thrones-et-house-of-the-dragon-nont-pas-reussi-a-egaler\/\" data-api-deeplink=\"teleloisirs:\/\/news\/318721\" rel=\"nofollow noopener\" target=\"_blank\">a battu de nombreux records d&rsquo;audience<\/a>, le retour de la s\u00e9rie adapt\u00e9e du jeu vid\u00e9o \u00e9ponyme \u00e9tait attendue avec impatience et appr\u00e9hension. Les sept \u00e9pisodes de la saison 2 \u00e9taient ainsi plac\u00e9s sous le signe du deuil et de la vengeance puisque, \u00e0 l&rsquo;instar du mat\u00e9riel source, <a href=\"https:\/\/www.programme-tv.net\/news\/series-tv\/377296-exclu-the-last-of-us-saison-2-rien-n-etait-trop-sacre-la-mort-choc-de-l-episode-2-a-failli-ne-pas-avoir-lieu\/\" data-api-deeplink=\"teleloisirs:\/\/news\/377296\" rel=\"nofollow noopener\" target=\"_blank\">le personnage de Joel (Pedro Pascal) \u00e9tait tu\u00e9 par Abby (Kaitlyn Dever)<\/a> en repr\u00e9sailles de l&rsquo;attaque de l&rsquo;h\u00f4pital des Fireflies. Laiss\u00e9e orpheline par cette mort, Ellie (Bella Ramsey) se lan\u00e7ait dans une qu\u00eate vengeresse et meurtri\u00e8re dans les rues de Seattle tout au long de cette seconde salve, avec pour seul but de tuer Abby. Mais pour savoir si elle y parviendra, il faudra attendre <a href=\"https:\/\/www.programme-tv.net\/news\/series-tv\/379801-the-last-of-us-a-quoi-s-attendre-pour-la-saison-3-la-reponse-selon-le-jeu-et-la-signification-des-images-finales-de-la-saison-2\/\" data-api-deeplink=\"teleloisirs:\/\/news\/379801\" rel=\"nofollow noopener\" target=\"_blank\">la saison 3, d&rsquo;ores et d\u00e9j\u00e0 confirm\u00e9e par HBO<\/a>.<\/p>\n<p>Pas encore de date de sortie pour la saison 3 de The Last of Us, le tournage en attente de programmation<\/p>\n<p>Alors que la saison 2 a \u00e9t\u00e9 diffus\u00e9e d&rsquo;avril \u00e0 mai 2025, nous n&rsquo;avons \u00e9videmment pas encore de date pr\u00e9cise pour la saison 3. Le tournage n&rsquo;a m\u00eame pas encore commenc\u00e9. Il ne faut donc pas s&rsquo;attendre \u00e0 voir la suite arriver avant 2027 sur nos \u00e9crans.<\/p>\n<p>                        Les derni\u00e8res actualit\u00e9s sur The Last of Us<\/p>\n<p><a href=\"https:\/\/www.programme-tv.net\/news\/series-tv\/380300-the-last-of-us-saison-2-cette-violence-est-trop-crue-ce-personnage-que-le-createur-n-a-pas-ose-tuer-dans-la-serie-contrairement-au-jeu-video\/\" data-api-deeplink=\"teleloisirs:\/\/news\/380300\" rel=\"nofollow noopener\" target=\"_blank\">The Last of Us saison 2 : \u00ab\u00a0Cette violence est trop crue&#8230;\u00a0\u00bb Ce personnage que le cr\u00e9ateur n&rsquo;a pas os\u00e9 tuer dans la s\u00e9rie, contrairement au jeu vid\u00e9o<\/a><\/p>\n<p><a href=\"https:\/\/www.programme-tv.net\/news\/series-tv\/379828-the-last-of-us-saison-3-pedro-pascal-pourrait-il-revenir-le-showrunner-revele-ce-qui-est-prevu\/\" data-api-deeplink=\"teleloisirs:\/\/news\/379828\" rel=\"nofollow noopener\" target=\"_blank\">The Last of Us saison 3 : Pedro Pascal pourrait-il revenir ? Le showrunner r\u00e9v\u00e8le ce qui est pr\u00e9vu<\/a><\/p>\n<p><a href=\"https:\/\/www.programme-tv.net\/news\/series-tv\/379816-the-last-of-us-les-fans-reclament-ce-spin-off-inattendu-sur-joel-pedro-pascal-voici-la-reponse-des-createurs\/\" data-api-deeplink=\"teleloisirs:\/\/news\/379816\" rel=\"nofollow noopener\" target=\"_blank\">The Last of Us : Les fans r\u00e9clament ce spin-off inattendu sur Joel (Pedro Pascal), voici la r\u00e9ponse des cr\u00e9ateurs<\/a><\/p>\n<p><a href=\"https:\/\/www.programme-tv.net\/news\/series-tv\/379792-exclu-the-last-of-us-pourquoi-la-saison-2-ne-contient-que-7-episodes-et-comment-a-ete-choisi-le-cliffhanger-final-les-createurs-s-expliquent\/\" data-api-deeplink=\"teleloisirs:\/\/news\/379792\" rel=\"nofollow noopener\" target=\"_blank\">Exclu. The Last of Us : Pourquoi la saison 2 ne contient que 7 \u00e9pisodes et comment a \u00e9t\u00e9 choisi le cliffhanger final ? Les cr\u00e9ateurs s&rsquo;expliquent<\/a><\/p>\n<p><a href=\"https:\/\/www.programme-tv.net\/news\/series-tv\/379773-the-last-of-us-saison-2-vous-devez-vous-sentir-sale-la-scene-la-plus-terrible-du-final-a-ete-modifiee-pour-etre-encore-plus-cruelle\/\" data-api-deeplink=\"teleloisirs:\/\/news\/379773\" rel=\"nofollow noopener\" target=\"_blank\">The Last of Us saison 2 : \u00ab\u00a0Vous devez vous sentir sale&#8230;\u00a0\u00bb, la sc\u00e8ne la plus terrible du final a \u00e9t\u00e9 modifi\u00e9e pour \u00eatre encore plus cruelle<\/a><\/p>\n<p>Intrigues : ce qui pourrait nous attendre dans la saison 3 de The Last of Us selon le jeu vid\u00e9o<\/p>\n<p>Pour d\u00e9couvrir ce qui attend Ellie et Dina dans la saison 3 de The Last of Us, il faut \u00e9videmment se r\u00e9f\u00e9rer au jeu vid\u00e9o The Last of Us Part II. Craig Mazin et Neil Druckmann, les deux showrunners, avaient depuis longtemps annonc\u00e9 que le second opus de la saga vid\u00e9oludique servirait de base pour \u00e9crire la suite de la s\u00e9rie. Mais bien plus dense en intrigues, ils avaient \u00e9galement annonc\u00e9 qu&rsquo;il leur faudrait deux saisons pour adapter le contenu, les saisons 2 et 3. Et gr\u00e2ce au final de la saison 2, on sait o\u00f9 reprendra la saison 3&#8230;<\/p>\n<p>            Le point de vue d&rsquo;Abby<\/p>\n<p>Les derni\u00e8res images de la saison 2 montrent Abby se r\u00e9veiller sur un canap\u00e9 et discuter avec un de ses camarades de lutte, Manny. La jeune femme sort de la pi\u00e8ce et arrive face \u00e0 un immense stade rempli d&rsquo;abris avec la mention \u00ab\u00a0Seattle &#8211; Jour 1\u00a0\u00bb. Cela signifie que, comme dans le jeu, la s\u00e9rie va op\u00e9rer un inversement de point de vue. On recommence l&rsquo;histoire \u00e0 partir du jour 1, celui o\u00f9 Ellie et Dina atteignent Seattle, et on reprend la chronologie des \u00e9v\u00e9nements selon le point de vue d&rsquo;Abby. L&rsquo;intrigue devrait se poursuivre ainsi jusqu&rsquo;au point de retrouvailles, la nuit de l&rsquo;aquarium o\u00f9 Abby va d\u00e9couvrir les corps d&rsquo;Owen et Mel puis traquer Ellie jusqu&rsquo;au th\u00e9\u00e2tre et abattre Jesse.<\/p>\n<p>Une ellipse temporelle dans la saison 3 ?<\/p>\n<p>Dans le jeu, apr\u00e8s les \u00e9v\u00e9nements \u00e0 Seattle, les deux jeunes femmes s&rsquo;en sortent vivantes. A alors lieu un saut dans le temps o\u00f9 on d\u00e9couvre Ellie revenue dans la r\u00e9gion de Jackson mais elle a emm\u00e9nag\u00e9 avec Dina dans une maison isol\u00e9e en dehors de la ville, o\u00f9 elles \u00e9l\u00e8vent le b\u00e9b\u00e9 au milieu des champs et des moutons. Une vie paisible bouscul\u00e9e par Tommy qui affirme avoir retrouv\u00e9 la trace d&rsquo;Abby et demande \u00e0 Ellie d&rsquo;aller finir le travail en Californie&#8230;<\/p>\n<p>                        Il faudra patienter pour avoir les premi\u00e8res photos et bandes-annonces de la saison 3 de The Last of Us<\/p>\n<p>Dans la mesure o\u00f9 le tournage n&rsquo;a pas encore d\u00e9but\u00e9, il faudra prendre notre mal en patience avant de d\u00e9couvrir les premi\u00e8res images ou trailers de la s\u00e9rie&#8230;<\/p>\n<p>Casting : Bella Ramsey, Isabela Merced, Gabriel Luna\u2026 Quels acteurs et personnages reviendront dans la saison 3 de The Last of Us ?<\/p>\n<p>\u00c0 en croire les intrigues qui nous attendent en saison 3, voici les acteurs dont on est s\u00fbrs qu&rsquo;ils doivent revenir pour la suite de la s\u00e9rie :<\/p>\n<ul>\n<li><b>Bella Ramsey<\/b> : Ellie Williams<\/li>\n<li><b>Kaitlyn Dever <\/b>: Abby<\/li>\n<li><b>Isabela Merced<\/b> : Dina<\/li>\n<li><b>Gabriel Luna <\/b>: Tommy<\/li>\n<li><b>Danny Ramirez<\/b> : Manny<\/li>\n<li><b>Spencer Lord <\/b>: Owen<\/li>\n<li><b>Ariela Barer <\/b>: Mel<\/li>\n<li><b>Jeffrey Wright : <\/b>Isaac<\/li>\n<\/ul>\n<p>Pedro Pascal pourrait-il revenir en saison 3 ?<\/p>\n<p>Il n&rsquo;est pas impossible que Joel soit de retour en saison 3. Le personnage est d\u00e9j\u00e0 revenu apr\u00e8s sa mort dans The Last of Us avec l&rsquo;\u00e9pisode 6 de la saison 2, constitu\u00e9 de flashbacks. Craig Mazin a d&rsquo;ailleurs laiss\u00e9 la porte ouverte : \u00ab\u00a0Joel sera toujours l\u00e0, n&rsquo;est-ce pas ? Je veux dire, le p\u00e8re de Joel est toujours l\u00e0, Sarah a toujours \u00e9t\u00e9 l\u00e0, Riley a toujours \u00e9t\u00e9 l\u00e0, c&rsquo;est \u00e7a le truc. [&#8230;] on n\u2019est peut-\u00eatre pas \u00e0 l&rsquo;abri de retrouver Joel et Tommy en train de terroriser les campagnes. On ne sait jamais&#8230;\u00a0\u00bb<\/p>\n<p>            Comment se termine la saison 2 de The Last of Us ?<\/p>\n<p>\u00c0 la fin de la saison 2, Ellie tue Owen et Mel \u00e0 l&rsquo;aquarium alors que c&rsquo;est Abby qu&rsquo;elle cherchait. Sauv\u00e9e par Tommy et Jesse, le petit groupe rejoint Dina au th\u00e9\u00e2tre. Alors que toutes les tensions \u00e9taient en train de s&rsquo;apaiser et le petit groupe sur le point de repartir pour Jackson, ils sont attaqu\u00e9s par Abby qui a probablement d\u00e9couvert les corps d&rsquo;Owen et Mel. Abby tue Jesse sur le coup et tient Ellie et Tommy en joue. La s\u00e9quence s&rsquo;arr\u00eate sur un bruit de tir. Qui a re\u00e7u la balle ? Est-ce Dina qui est intervenue pour faire diversion ? La saison 3 devra y r\u00e9pondre.<\/p>\n<p>Y aura-t-il une saison 4 de The Last of Us ?<\/p>\n<p>Ce n&rsquo;\u00e9tait pas le projet d&rsquo;origine. Les deux showrunners avaient annonc\u00e9 que le second jeu serait adapt\u00e9 \u00e0 travers les saisons 2 et 3. Mais derni\u00e8rement, Craig Mazin est revenu sur cette th\u00e8se et a expliqu\u00e9 qu&rsquo;il lui serait difficile de boucler tout le sc\u00e9nario avec une saison restante et a donc \u00e9voqu\u00e9 la <a href=\"https:\/\/www.programme-tv.net\/news\/series-tv\/379424-the-last-of-us-pourquoi-la-saison-3-ne-peut-pas-etre-la-derniere-ces-indices-et-declarations-qui-ouvrent-la-voie-a-une-saison-4\/\" data-api-deeplink=\"teleloisirs:\/\/news\/379424\" rel=\"nofollow noopener\" target=\"_blank\">possibilit\u00e9 d&rsquo;une saison 4<\/a> : \u00ab\u00a0Mais il est certain qu&rsquo;il n&rsquo;y a pas moyen de terminer cette histoire dans une troisi\u00e8me saison. J&rsquo;esp\u00e8re que nous ferons suffisamment nos preuves aupr\u00e8s de HBO pour revenir et terminer la s\u00e9rie dans une quatri\u00e8me saison. C&rsquo;est l&rsquo;issue la plus probable.\u00a0\u00bb<\/p>\n<p>                        O\u00f9 voir la s\u00e9rie The Last of Us en streaming ?\u00a0Combien d&rsquo;\u00e9pisodes comptera la saison 3 ?<\/p>\n<p>Les deux premi\u00e8res saisons de The Last of Us sont disponibles sur la plateforme de streaming Max, appartenant \u00e0 HBO. Ce sera \u00e9galement le cas de la saison 3.<\/p>\n<p>Si le nombre d&rsquo;\u00e9pisodes n&rsquo;est pas encore connu exactement, les showrunners avaient promis une saison plus longue que la saison 2. On devrait donc plut\u00f4t s&rsquo;approcher d&rsquo;une saison \u00e0 8 ou 9 \u00e9pisodes.<\/p>\n","protected":false},"excerpt":{"rendered":"C&rsquo;\u00e9tait indiscutablement l&rsquo;un des grands \u00e9v\u00e9nements s\u00e9rie des mois d&rsquo;avril et mai 2025 : apr\u00e8s le succ\u00e8s retentissant&hellip;\n","protected":false},"author":2,"featured_media":179687,"comment_status":"","ping_status":"","sticky":false,"template":"","format":"standard","meta":{"footnotes":""},"categories":[1356],"tags":[10166,244,58,59,1011,27,5371,10167,10395,4496,129,252,187,1364],"class_list":{"0":"post-179686","1":"post","2":"type-post","3":"status-publish","4":"format-standard","5":"has-post-thumbnail","7":"category-television","8":"tag-bella-ramsey","9":"tag-commentaire","10":"tag-divertissement","11":"tag-entertainment","12":"tag-fr","13":"tag-france","14":"tag-hbo-max","15":"tag-pedro-pascal","16":"tag-pub-streaming","17":"tag-superstream","18":"tag-svod","19":"tag-television","20":"tag-the-last-of-us","21":"tag-tv"},"share_on_mastodon":{"url":"https:\/\/pubeurope.com\/@fr\/114690435755095450","error":""},"_links":{"self":[{"href":"https:\/\/www.europesays.com\/fr\/wp-json\/wp\/v2\/posts\/179686","targetHints":{"allow":["GET"]}}],"collection":[{"href":"https:\/\/www.europesays.com\/fr\/wp-json\/wp\/v2\/posts"}],"about":[{"href":"https:\/\/www.europesays.com\/fr\/wp-json\/wp\/v2\/types\/post"}],"author":[{"embeddable":true,"href":"https:\/\/www.europesays.com\/fr\/wp-json\/wp\/v2\/users\/2"}],"replies":[{"embeddable":true,"href":"https:\/\/www.europesays.com\/fr\/wp-json\/wp\/v2\/comments?post=179686"}],"version-history":[{"count":0,"href":"https:\/\/www.europesays.com\/fr\/wp-json\/wp\/v2\/posts\/179686\/revisions"}],"wp:featuredmedia":[{"embeddable":true,"href":"https:\/\/www.europesays.com\/fr\/wp-json\/wp\/v2\/media\/179687"}],"wp:attachment":[{"href":"https:\/\/www.europesays.com\/fr\/wp-json\/wp\/v2\/media?parent=179686"}],"wp:term":[{"taxonomy":"category","embeddable":true,"href":"https:\/\/www.europesays.com\/fr\/wp-json\/wp\/v2\/categories?post=179686"},{"taxonomy":"post_tag","embeddable":true,"href":"https:\/\/www.europesays.com\/fr\/wp-json\/wp\/v2\/tags?post=179686"}],"curies":[{"name":"wp","href":"https:\/\/api.w.org\/{rel}","templated":true}]}}