{"id":179699,"date":"2025-06-16T01:33:10","date_gmt":"2025-06-16T01:33:10","guid":{"rendered":"https:\/\/www.europesays.com\/fr\/179699\/"},"modified":"2025-06-16T01:33:10","modified_gmt":"2025-06-16T01:33:10","slug":"le-prefet-demande-au-maire-de-saint-denis-de-retirer-ce-drapeau-de-sa-facade","status":"publish","type":"post","link":"https:\/\/www.europesays.com\/fr\/179699\/","title":{"rendered":"Le pr\u00e9fet demande au maire de Saint-Denis de retirer ce drapeau de sa fa\u00e7ade"},"content":{"rendered":"<p>POLITIQUE &#8211; Son initiative d\u00e9pla\u00eet. La pr\u00e9fecture de la Seine-Saint-Denis indique ce dimanche 15 juin que le pr\u00e9fet Julien Charles va \u00e9crire au maire de <a data-i13n=\"cpos:1;pos:1\" href=\"https:\/\/fr.news.yahoo.com\/fusion-saint-denis-pierrefitte-seine-063940243.html\" data-ylk=\"slk:Saint-Denis;cpos:1;pos:1;elm:context_link;itc:0;sec:content-canvas;outcm:mb_qualified_link;_E:mb_qualified_link;ct:story;\" class=\"link  yahoo-link\" target=\"_blank\" rel=\"noopener\">Saint-Denis<\/a> Mathieu Hanotin pour lui demander de retirer le drapeau palestinien hiss\u00e9 sur la fa\u00e7ade de l\u2019h\u00f4tel de ville. Ce geste contrevient au \u00ab principe de neutralit\u00e9 des services publics \u00bb, \u00e9crit la pr\u00e9fecture sur les r\u00e9seaux sociaux.<\/p>\n<p>L\u2019\u00e9dile socialiste a pris cette initiative vendredi apr\u00e8s-midi, dans le cadre d\u2019un \u00ab week-end mondial de mobilisation \u00bb pour <a data-i13n=\"cpos:2;pos:1\" href=\"https:\/\/fr.news.yahoo.com\/gaza-habitants-c%C3%A9l%C3%A8brent-l-a%C3%AFd-190014207.html\" data-ylk=\"slk:la bande de Gaza;cpos:2;pos:1;elm:context_link;itc:0;sec:content-canvas;outcm:mb_qualified_link;_E:mb_qualified_link;ct:story;\" class=\"link  yahoo-link\" target=\"_blank\" rel=\"noopener\">la bande de Gaza<\/a>, notamment. Il a hiss\u00e9 les couleurs palestiniennes aux c\u00f4t\u00e9s des drapeaux fran\u00e7ais et europ\u00e9ens, en compagnie de plusieurs \u00e9lus et de l\u2019ambassadrice de Palestine en France.<\/p>\n<p><a data-i13n=\"cpos:3;pos:1\" href=\"https:\/\/fr.news.yahoo.com\/l-offensive-d-isra%C3%ABl-iran-113008504.html\" data-ylk=\"slk:Comment l\u2019offensive d\u2019Isra\u00ebl en Iran percute l\u2019agenda de Macron pour la Palestine;cpos:3;pos:1;elm:context_link;itc:0;sec:content-canvas;outcm:mb_qualified_link;_E:mb_qualified_link;ct:story;\" class=\"link  yahoo-link\" target=\"_blank\" rel=\"noopener\">Comment l\u2019offensive d\u2019Isra\u00ebl en Iran percute l\u2019agenda de Macron pour la Palestine <\/a><\/p>\n<p>\u00ab Un moment fort et historique pour affirmer la solidarit\u00e9 avec la Palestine, exiger un cessez-le-feu imm\u00e9diat, <a data-i13n=\"cpos:4;pos:1\" href=\"https:\/\/fr.news.yahoo.com\/%C3%A0-gaza-images-palestiniens-affam%C3%A9s-195935446.html\" data-ylk=\"slk:l\u2019entr\u00e9e de l\u2019aide humanitaire \u00e0 Gaza;cpos:4;pos:1;elm:context_link;itc:0;sec:content-canvas;outcm:mb_qualified_link;_E:mb_qualified_link;ct:story;\" class=\"link  yahoo-link\" target=\"_blank\" rel=\"noopener\">l\u2019entr\u00e9e de l\u2019aide humanitaire \u00e0 Gaza<\/a>, la fin de l\u2019occupation isra\u00e9lienne et appeler le pr\u00e9sident fran\u00e7ais \u00e0 reconna\u00eetre sans d\u00e9lai l\u2019\u00c9tat de Palestine \u00bb, s\u2019\u00e9tait alors f\u00e9licit\u00e9e Hala Abou Hassira sur les r\u00e9seaux sociaux.<\/p>\n<p><strong>\u00ab Neutralit\u00e9 \u00e0 deux vitesses insupportable \u00bb<\/strong><\/p>\n<p>D\u00e8s le lendemain, plusieurs voix se sont \u00e9lev\u00e9es pour condamner ce geste de soutien. Shannon Seban, conseill\u00e8re municipale Renaissance \u00e0 Rosny-sous-Bois, a adress\u00e9 un courrier au pr\u00e9fet de la Seine-Saint-Denis samedi pour lui demander une r\u00e9action. Elle salue ce dimanche \u00ab une victoire pour la R\u00e9publique \u00bb, apr\u00e8s le communiqu\u00e9 de la pr\u00e9fecture.<\/p>\n<p>A contrario, la demande du retrait est critiqu\u00e9e \u00e0 gauche par des \u00e9lus de La France insoumise. Thomas Portes, d\u00e9put\u00e9 du d\u00e9partement fustige par exemple une \u00ab neutralit\u00e9 \u00e0 deux vitesses insupportable \u00bb alors que \u00ab des drapeaux isra\u00e9liens et ukrainiens ont \u00e9t\u00e9 accroch\u00e9s aux frontons des mairies sans jamais susciter de r\u00e9action \u00bb.<\/p>\n<blockquote placeholder=\"\" data-theme=\"light\" class=\"twitter-tweet\">\n<p>Des drapeaux isra\u00e9liens et ukrainiens ont \u00e9t\u00e9 accroch\u00e9s aux frontons des mairies sans jamais susciter de r\u00e9action du <a href=\"https:\/\/twitter.com\/Prefet93?ref_src=twsrc%5Etfw\" rel=\"nofollow noopener\" target=\"_blank\" data-ylk=\"slk:@Prefet93;elm:context_link;itc:0;sec:content-canvas\" class=\"link \">@Prefet93<\/a>. <\/p>\n<p>Pourquoi une telle r\u00e9action avec le drapeau de Palestine au moment o\u00f9 le peuple palestinien est victime d\u2019un g\u00e9nocide ? <\/p>\n<p>Honte au Pr\u00e9fet de\u2026 <a href=\"https:\/\/t.co\/dZSiFXYPzx\" rel=\"nofollow noopener\" target=\"_blank\" data-ylk=\"slk:https:\/\/t.co\/dZSiFXYPzx;elm:context_link;itc:0;sec:content-canvas\" class=\"link \">https:\/\/t.co\/dZSiFXYPzx<\/a><\/p>\n<p>\u2014 Thomas Portes (@Portes_Thomas) <a href=\"https:\/\/twitter.com\/Portes_Thomas\/status\/1934253502466797940?ref_src=twsrc%5Etfw\" rel=\"nofollow noopener\" target=\"_blank\" data-ylk=\"slk:June 15, 2025;elm:context_link;itc:0;sec:content-canvas\" class=\"link \">June 15, 2025<\/a><\/p>\n<\/blockquote>\n<p>Quoi qu\u2019il en soit, la mairie de Saint-Denis pr\u00e9cise <a data-i13n=\"cpos:5;pos:1\" href=\"https:\/\/www.saintdenis.fr\/actualites\/drapeau-palestinien-hotel-ville\" rel=\"nofollow noopener\" target=\"_blank\" data-ylk=\"slk:sur son site Internet;cpos:5;pos:1;elm:context_link;itc:0;sec:content-canvas\" class=\"link \">sur son site Internet<\/a> que l\u2019initiative n\u2019est que temporaire. Le drapeau devait \u00eatre retir\u00e9 lundi, \u00e0 l\u2019issue du week-end de mobilisation. Il \u00ab pourra de nouveau \u00eatre hiss\u00e9 sur le fronton \u00e0 l\u2019occasion de l\u2019accueil de d\u00e9l\u00e9gations ou de journ\u00e9es d\u2019actions sp\u00e9cifiques auxquelles la ville d\u00e9cidera de s\u2019associer \u00bb, est-il pr\u00e9cis\u00e9.<\/p>\n<p><a data-i13n=\"cpos:6;pos:1\" href=\"https:\/\/fr.news.yahoo.com\/%C3%A0-paris-manifestants-palestine-demandent-163548593.html\" data-ylk=\"slk:\u00c0 Paris, les manifestants pour la Palestine demandent aussi la lib\u00e9ration de Yanis Mhamdi;cpos:6;pos:1;elm:context_link;itc:0;sec:content-canvas;outcm:mb_qualified_link;_E:mb_qualified_link;ct:story;\" class=\"link  yahoo-link\" target=\"_blank\" rel=\"noopener\"> \u00c0 Paris, les manifestants pour la Palestine demandent aussi la lib\u00e9ration de Yanis Mhamdi <\/a><\/p>\n<p><a data-i13n=\"cpos:7;pos:1\" href=\"https:\/\/fr.news.yahoo.com\/visite-d-emmanuel-macron-au-054629157.html\" data-ylk=\"slk:La visite d\u2019Emmanuel Macron au Groenland dit beaucoup de sa posture face \u00e0 Donald Trump;cpos:7;pos:1;elm:context_link;itc:0;sec:content-canvas;outcm:mb_qualified_link;_E:mb_qualified_link;ct:story;\" class=\"link  yahoo-link\" target=\"_blank\" rel=\"noopener\"> La visite d\u2019Emmanuel Macron au Groenland dit beaucoup de sa posture face \u00e0 Donald Trump <\/a><\/p>\n<p><script async src=\"https:\/\/platform.twitter.com\/widgets.js\" charset=\"utf-8\"><\/script><\/p>\n","protected":false},"excerpt":{"rendered":"POLITIQUE &#8211; Son initiative d\u00e9pla\u00eet. La pr\u00e9fecture de la Seine-Saint-Denis indique ce dimanche 15 juin que le pr\u00e9fet&hellip;\n","protected":false},"author":2,"featured_media":179700,"comment_status":"","ping_status":"","sticky":false,"template":"","format":"standard","meta":{"footnotes":""},"categories":[4],"tags":[11,4628,31659,1011,27,12,31658,14583,25,31661,31660],"class_list":{"0":"post-179699","1":"post","2":"type-post","3":"status-publish","4":"format-standard","5":"has-post-thumbnail","7":"category-france","8":"tag-actualites","9":"tag-bande-de-gaza","10":"tag-drapeaux-francais","11":"tag-fr","12":"tag-france","13":"tag-news","14":"tag-prefecture-de-la-seine-saint-denis","15":"tag-prefet","16":"tag-republique-francaise","17":"tag-saint-denis-mathieu-hanotin","18":"tag-shannon-seban"},"share_on_mastodon":{"url":"https:\/\/pubeurope.com\/@fr\/114690470973729469","error":""},"_links":{"self":[{"href":"https:\/\/www.europesays.com\/fr\/wp-json\/wp\/v2\/posts\/179699","targetHints":{"allow":["GET"]}}],"collection":[{"href":"https:\/\/www.europesays.com\/fr\/wp-json\/wp\/v2\/posts"}],"about":[{"href":"https:\/\/www.europesays.com\/fr\/wp-json\/wp\/v2\/types\/post"}],"author":[{"embeddable":true,"href":"https:\/\/www.europesays.com\/fr\/wp-json\/wp\/v2\/users\/2"}],"replies":[{"embeddable":true,"href":"https:\/\/www.europesays.com\/fr\/wp-json\/wp\/v2\/comments?post=179699"}],"version-history":[{"count":0,"href":"https:\/\/www.europesays.com\/fr\/wp-json\/wp\/v2\/posts\/179699\/revisions"}],"wp:featuredmedia":[{"embeddable":true,"href":"https:\/\/www.europesays.com\/fr\/wp-json\/wp\/v2\/media\/179700"}],"wp:attachment":[{"href":"https:\/\/www.europesays.com\/fr\/wp-json\/wp\/v2\/media?parent=179699"}],"wp:term":[{"taxonomy":"category","embeddable":true,"href":"https:\/\/www.europesays.com\/fr\/wp-json\/wp\/v2\/categories?post=179699"},{"taxonomy":"post_tag","embeddable":true,"href":"https:\/\/www.europesays.com\/fr\/wp-json\/wp\/v2\/tags?post=179699"}],"curies":[{"name":"wp","href":"https:\/\/api.w.org\/{rel}","templated":true}]}}