{"id":179702,"date":"2025-06-16T01:35:12","date_gmt":"2025-06-16T01:35:12","guid":{"rendered":"https:\/\/www.europesays.com\/fr\/179702\/"},"modified":"2025-06-16T01:35:12","modified_gmt":"2025-06-16T01:35:12","slug":"attention-aux-fonds-importants-et-aux-courants","status":"publish","type":"post","link":"https:\/\/www.europesays.com\/fr\/179702\/","title":{"rendered":"\u00ab\u00a0Attention aux fonds importants et aux courants\u00a0\u00bb"},"content":{"rendered":"<p>Dimanche, l\u2019affluence \u00e9tait nettement moins forte que la veille \u00e0 la base nautique de Saint-Victor-sur-Loire. La m\u00e9t\u00e9o beaucoup moins favorable l\u2019explique grandement et le drame qui s\u2019est nou\u00e9, samedi, \u00e0 quelques encablures, a, peut-\u00eatre frein\u00e9 les envies de baignade de certains.<\/p>\n<p>Samedi apr\u00e8s-midi, <a href=\"https:\/\/www.leprogres.fr\/faits-divers-justice\/2025\/06\/14\/deux-adolescents-meurent-noyes-dans-la-loire\" target=\"_blank\" rel=\"noopener\">deux adolescents st\u00e9phanois \u00e2g\u00e9s de 14 et 15 ans ont perdu la vie<\/a>, \u00e0 La Noirie, un ancien port charbonnier situ\u00e9 entre Saint-Victor-sur-Loire et Unieux, en partie englouti sous les eaux du barrage de Grangent au d\u00e9but des ann\u00e9es 1950. Une enqu\u00eate en recherche des causes de la mort a \u00e9t\u00e9 ouverte et les deux corps seront autopsi\u00e9s ce d\u00e9but de semaine.<\/p>\n<p>  Entre 30 et 40 interventions chaque ann\u00e9e dans le d\u00e9partement<\/p>\n<p>Cette trag\u00e9die a suscit\u00e9 une tr\u00e8s vive \u00e9motion exprim\u00e9e sur les r\u00e9seaux sociaux par des habitants de Saint-Etienne et m\u00eame bien au-del\u00e0.<\/p>\n<p>Pr\u00e9sents en bords de Loire, dimanche matin, les pompiers lig\u00e9riens ont tenu \u00e0 rappeler les dangers de la baignade dans les eaux naturelles, et plus sp\u00e9cifiquement dans des lieux non surveill\u00e9s. Dans le d\u00e9partement, ils sont appel\u00e9s entre trente et quarante fois, chaque ann\u00e9e, pour sauver des personnes de la noyade, avec une \u00e9quipe d\u00e9di\u00e9e qui peut intervenir 24 heures sur 24 dans toute la Loire.<\/p>\n<p>Heureusement, les cons\u00e9quences sont rarement aussi dramatiques que samedi apr\u00e8s-midi. D\u2019ailleurs, quelques heures apr\u00e8s la trag\u00e9die de Saint-Victor, <a href=\"https:\/\/www.leprogres.fr\/faits-divers-justice\/2025\/06\/15\/un-jeune-de-20-ans-inanime-apres-un-plongeon-dans-un-etang\" target=\"_blank\" rel=\"noopener\">un jeune homme de 20 ans a failli se noyer dans un \u00e9tang \u00e0 Saint-Romain-la-Motte<\/a>.<\/p>\n<p>  \u00ab\u00a0Privil\u00e9gier les sites surveill\u00e9s\u00a0\u00bb<\/p>\n<p>\u00ab\u00a0Pour se baigner, il faut, en milieu naturel, privil\u00e9gier les sites surveill\u00e9s comme la base nautique et, sinon, se renseigner aupr\u00e8s des mairies pour voir si la baignade est autoris\u00e9e\u00a0\u00bb, insiste le commandant Eric Gidrol, officier de garde au SDIS 42. \u00ab\u00a0Dans les lieux de baignade naturels, il n\u2019y a pas la m\u00eame visibilit\u00e9 qu\u2019une piscine, les nageurs peuvent \u00eatre surpris.\u00a0\u00bb<\/p>\n<p>Le lieutenant Matthieu Ferret, chef d\u2019unit\u00e9 plong\u00e9e, appelle lui aussi \u00e0 la prudence\u00a0: \u00ab\u00a0Il ne faut pas surestimer son niveau de nage. Les enfants doivent avoir des \u00e9quipements de flottaison adapt\u00e9s et ne pas sauter d\u2019un rocher, par exemple, c\u2019est dangereux.\u00a0\u00bb<\/p>\n<p>Concernant plus pr\u00e9cis\u00e9ment, les bords de Loire autour de Saint-Victor, un lieu tr\u00e8s pris\u00e9, le pompier lig\u00e9rien pr\u00e9cise\u00a0: \u00ab\u00a0On est sur un barrage avec des fonds importants (les adolescents d\u00e9c\u00e9d\u00e9s samedi ont \u00e9t\u00e9 rep\u00each\u00e9s \u00e0 sept et dix m\u00e8tres de profondeur, NDLR) et des risques de courant en profondeur qui rendent la nage difficile.\u00a0\u00bb<\/p>\n","protected":false},"excerpt":{"rendered":"Dimanche, l\u2019affluence \u00e9tait nettement moins forte que la veille \u00e0 la base nautique de Saint-Victor-sur-Loire. La m\u00e9t\u00e9o beaucoup&hellip;\n","protected":false},"author":2,"featured_media":179703,"comment_status":"","ping_status":"","sticky":false,"template":"","format":"standard","meta":{"footnotes":""},"categories":[9653],"tags":[119,1111,11,2430,7539,1777,674,274,107,1011,27,3367,12,25,4001,29878,14024],"class_list":{"0":"post-179702","1":"post","2":"type-post","3":"status-publish","4":"format-standard","5":"has-post-thumbnail","7":"category-saint-etienne","8":"tag-accident","9":"tag-actu","10":"tag-actualites","11":"tag-auvergne-rhone-alpes","12":"tag-edition-loire-sud","13":"tag-eu","14":"tag-europe","15":"tag-faits-divers-justice","16":"tag-fil-info","17":"tag-fr","18":"tag-france","19":"tag-loire","20":"tag-news","21":"tag-republique-francaise","22":"tag-saint-etienne","23":"tag-saint-victor-sur-loire","24":"tag-unieux"},"share_on_mastodon":{"url":"https:\/\/pubeurope.com\/@fr\/114690478839678624","error":""},"_links":{"self":[{"href":"https:\/\/www.europesays.com\/fr\/wp-json\/wp\/v2\/posts\/179702","targetHints":{"allow":["GET"]}}],"collection":[{"href":"https:\/\/www.europesays.com\/fr\/wp-json\/wp\/v2\/posts"}],"about":[{"href":"https:\/\/www.europesays.com\/fr\/wp-json\/wp\/v2\/types\/post"}],"author":[{"embeddable":true,"href":"https:\/\/www.europesays.com\/fr\/wp-json\/wp\/v2\/users\/2"}],"replies":[{"embeddable":true,"href":"https:\/\/www.europesays.com\/fr\/wp-json\/wp\/v2\/comments?post=179702"}],"version-history":[{"count":0,"href":"https:\/\/www.europesays.com\/fr\/wp-json\/wp\/v2\/posts\/179702\/revisions"}],"wp:featuredmedia":[{"embeddable":true,"href":"https:\/\/www.europesays.com\/fr\/wp-json\/wp\/v2\/media\/179703"}],"wp:attachment":[{"href":"https:\/\/www.europesays.com\/fr\/wp-json\/wp\/v2\/media?parent=179702"}],"wp:term":[{"taxonomy":"category","embeddable":true,"href":"https:\/\/www.europesays.com\/fr\/wp-json\/wp\/v2\/categories?post=179702"},{"taxonomy":"post_tag","embeddable":true,"href":"https:\/\/www.europesays.com\/fr\/wp-json\/wp\/v2\/tags?post=179702"}],"curies":[{"name":"wp","href":"https:\/\/api.w.org\/{rel}","templated":true}]}}