{"id":179704,"date":"2025-06-16T01:36:29","date_gmt":"2025-06-16T01:36:29","guid":{"rendered":"https:\/\/www.europesays.com\/fr\/179704\/"},"modified":"2025-06-16T01:36:29","modified_gmt":"2025-06-16T01:36:29","slug":"deux-adolescents-de-14-et-15-ans-se-noient-dans-la-loire-pres-de-saint-etienne-2","status":"publish","type":"post","link":"https:\/\/www.europesays.com\/fr\/179704\/","title":{"rendered":"Deux adolescents de 14 et 15\u00a0ans se noient dans la Loire pr\u00e8s de Saint-Etienne"},"content":{"rendered":"<p>Deux adolescents de 14 et 15\u00a0ans sont morts noy\u00e9s samedi 14\u00a0juin 2025 dans une zone sauvage des bords de Loire interdite \u00e0 la baignade, pr\u00e8s de Saint-Etienne (Loire), a appris l\u2019AFP aupr\u00e8s de la pr\u00e9fecture et du maire de la ville.<\/p>\n<p>Les deux adolescents faisaient partie d\u2019un groupe d\u2019une quinzaine de gar\u00e7ons, selon la pr\u00e9fecture de la Loire, venus se baigner pr\u00e8s de la commune d\u2019Unieux, dans une zone isol\u00e9e, \u00e9loign\u00e9e d\u2019une base nautique, et alors que la r\u00e9gion connaissait de fortes chaleurs.<\/p>\n<p>L\u2019une des deux victimes a p\u00e9ri en tentant de<strong> \u00ab\u00a0venir au secours\u00a0\u00bb<\/strong> de la premi\u00e8re, qui peinait \u00e0<strong> \u00ab\u00a0regagner la rive\u00a0\u00bb<\/strong> apr\u00e8s avoir <strong>\u00ab\u00a0plong\u00e9 depuis un rocher<\/strong>\u00a0\u00bb, a indiqu\u00e9 \u00e0 l\u2019AFP le maire de Saint-Etienne Ga\u00ebl Perdriau, confirmant une information du quotidien <a href=\"https:\/\/www.leprogres.fr\/faits-divers-justice\/2025\/06\/14\/deux-adolescents-meurent-noyes-dans-la-loire\" target=\"_blank\" rel=\"noopener\">Le Progr\u00e8s<\/a> .<\/p>\n<p>\u00ab\u00a0Une tr\u00e8s forte \u00e9motion\u00a0\u00bb<\/p>\n<p>Les corps deux adolescents ont \u00e9t\u00e9 rep\u00each\u00e9s \u00e0 sept et dix m\u00e8tres de profondeur par les sapeurs-pompiers appel\u00e9s par les jeunes. L\u2019un n\u2019a pas pu \u00eatre ranim\u00e9 sur place, le second est d\u00e9c\u00e9d\u00e9 lors de son transfert vers l\u2019h\u00e9licopt\u00e8re du Samu, selon l\u2019\u00e9lu, qui s\u2019est rendu sur place.<\/p>\n<p><strong>\u00ab\u00a0Ce drame suscite une tr\u00e8s forte \u00e9motion et rappelle, en cette p\u00e9riode de fortes chaleurs propices \u00e0 la baignade, que celle-ci comporte des risques et n\u00e9cessite d\u2019adopter les bons r\u00e9flexes pour les pr\u00e9venir\u00a0\u00bb<\/strong>, a rappel\u00e9 sur X le pr\u00e9fet de la Loire.<\/p>\n<p>\n                Nous avons bloqu\u00e9 l\u2019affichage de ce contenu pour respecter vos choix en mati\u00e8re de cookies.<br \/>En cliquant sur \u00abConsulter\u00bb, vous acceptez le d\u00e9p\u00f4t de cookies par des services de r\u00e9seaux sociaux tels que Twitter.<br \/>\n                Consulter\n            <\/p>\n<blockquote class=\"twitter-tweet\" wp_automatic_readability=\"9.0217391304348\">\n<p lang=\"fr\" dir=\"ltr\">Ce drame suscite une tr\u00e8s forte \u00e9motion et rappelle, en cette p\u00e9riode de fortes chaleurs propices \u00e0 la baignade, que celle-ci comporte des risques et n\u00e9cessite d&rsquo;adopter les bons r\u00e9flexes pour les pr\u00e9venir. <br \/>?? ?????? Pratiquez toujours votre activit\u00e9 dans les zones autoris\u00e9es.<br \/>??\u2026 <a href=\"https:\/\/t.co\/rapXFFNI3m\">https:\/\/t.co\/rapXFFNI3m<\/a><\/p>\n<p>\u2014 Pr\u00e9fet de la Loire (@Prefecture42) <a href=\"https:\/\/twitter.com\/Prefecture42\/status\/1933931043125350461?ref_src=twsrc%5Etfw\" target=\"_blank\" rel=\"noopener\">June 14, 2025<\/a><\/p><\/blockquote>\n<p>Une cellule psychologique a \u00e9t\u00e9 mise en place par le CHU de Saint-Etienne.<\/p>\n<p>\u00a0<\/p>\n<p>\t\t<script async src=\"https:\/\/platform.twitter.com\/widgets.js\" charset=\"utf-8\"><\/script><\/p>\n","protected":false},"excerpt":{"rendered":"Deux adolescents de 14 et 15\u00a0ans sont morts noy\u00e9s samedi 14\u00a0juin 2025 dans une zone sauvage des bords&hellip;\n","protected":false},"author":2,"featured_media":179705,"comment_status":"","ping_status":"","sticky":false,"template":"","format":"standard","meta":{"footnotes":""},"categories":[9653],"tags":[5659,9284,1111,11,3959,1764,2430,3472,1777,674,1011,27,3367,12,31662,3762,25,4001],"class_list":{"0":"post-179704","1":"post","2":"type-post","3":"status-publish","4":"format-standard","5":"has-post-thumbnail","7":"category-saint-etienne","8":"tag-5659","9":"tag-9284","10":"tag-actu","11":"tag-actualites","12":"tag-adolescents","13":"tag-ans","14":"tag-auvergne-rhone-alpes","15":"tag-dinan","16":"tag-eu","17":"tag-europe","18":"tag-fr","19":"tag-france","20":"tag-loire","21":"tag-news","22":"tag-noient","23":"tag-pres","24":"tag-republique-francaise","25":"tag-saint-etienne"},"share_on_mastodon":{"url":"https:\/\/pubeurope.com\/@fr\/114690482652403306","error":""},"_links":{"self":[{"href":"https:\/\/www.europesays.com\/fr\/wp-json\/wp\/v2\/posts\/179704","targetHints":{"allow":["GET"]}}],"collection":[{"href":"https:\/\/www.europesays.com\/fr\/wp-json\/wp\/v2\/posts"}],"about":[{"href":"https:\/\/www.europesays.com\/fr\/wp-json\/wp\/v2\/types\/post"}],"author":[{"embeddable":true,"href":"https:\/\/www.europesays.com\/fr\/wp-json\/wp\/v2\/users\/2"}],"replies":[{"embeddable":true,"href":"https:\/\/www.europesays.com\/fr\/wp-json\/wp\/v2\/comments?post=179704"}],"version-history":[{"count":0,"href":"https:\/\/www.europesays.com\/fr\/wp-json\/wp\/v2\/posts\/179704\/revisions"}],"wp:featuredmedia":[{"embeddable":true,"href":"https:\/\/www.europesays.com\/fr\/wp-json\/wp\/v2\/media\/179705"}],"wp:attachment":[{"href":"https:\/\/www.europesays.com\/fr\/wp-json\/wp\/v2\/media?parent=179704"}],"wp:term":[{"taxonomy":"category","embeddable":true,"href":"https:\/\/www.europesays.com\/fr\/wp-json\/wp\/v2\/categories?post=179704"},{"taxonomy":"post_tag","embeddable":true,"href":"https:\/\/www.europesays.com\/fr\/wp-json\/wp\/v2\/tags?post=179704"}],"curies":[{"name":"wp","href":"https:\/\/api.w.org\/{rel}","templated":true}]}}