{"id":179716,"date":"2025-06-16T01:47:18","date_gmt":"2025-06-16T01:47:18","guid":{"rendered":"https:\/\/www.europesays.com\/fr\/179716\/"},"modified":"2025-06-16T01:47:18","modified_gmt":"2025-06-16T01:47:18","slug":"des-panneaux-solaires-en-projet-sur-le-toit-des-ateliers-communaux-a-vezin-le-coquet","status":"publish","type":"post","link":"https:\/\/www.europesays.com\/fr\/179716\/","title":{"rendered":"Des panneaux solaires en projet sur le toit des ateliers communaux, \u00e0 Vezin-le-Coquet"},"content":{"rendered":"<p>En novembre, le collectif citoyen Vezin\u2019sol, en lien avec \u00c9nergies du pays de Rennes (EPR) et la Ciren (Coop\u00e9rative citoyenne rennaise de l\u2019\u00e9nergie) a sollicit\u00e9 la commune afin d\u2019utiliser la toiture du centre technique municipal pour installer une centrale photovolta\u00efque. L\u2019objectif\u00a0? Cr\u00e9er une boucle locale d\u2019autoconsommation collective.<\/p>\n<p><strong>Lire aussi\u00a0:<\/strong> <a href=\"https:\/\/rennes.maville.com\/actu\/actudet_-a-bruz-une-centrale-solaire-de-250-m2-va-etre-installee-sur-le-toit-de-l-ecole-jacques-prevert-_7-6706821_actu.Htm\" target=\"_blank\" rel=\"noopener\">\u00c0 Bruz, une centrale solaire de 250\u00a0m2 va \u00eatre install\u00e9e sur le toit de l\u2019\u00e9cole Jacques-Pr\u00e9vert<\/a><\/p>\n<p>Un appel \u00e0 manifestation d\u2019int\u00e9r\u00eat (AMI) a \u00e9t\u00e9 lanc\u00e9 par la commune pour v\u00e9rifier si d\u2019autres porteurs de projets souhaitaient se positionner pour l\u2019occupation de cette toiture. En l\u2019absence de candidatures concurrentes, le conseil municipal a valid\u00e9 en mai la mise \u00e0 disposition du toit du centre technique pour ce projet citoyen.<\/p>\n<p><strong>\u00ab\u00a0Les \u00e9lus ont souhait\u00e9 soutenir une d\u00e9marche de transition \u00e9nerg\u00e9tique locale port\u00e9e par des habitants engag\u00e9s, en faveur de la production d\u2019\u00e9nergies renouvelables et du d\u00e9veloppement de circuits courts de l\u2019\u00e9nergie\u00a0\u00bb,<\/strong> explique Ren\u00e9-Fran\u00e7ois Houssin, maire.<\/p>\n<p><strong>Lire aussi\u00a0: <\/strong> <a href=\"https:\/\/rennes.maville.com\/actu\/actudet_-a-rennes-la-metropole-va-installer-2-800-panneaux-solaires-sur-le-toit-de-deux-parcs-relais-_52674-6179239_actu.Htm\" target=\"_blank\" rel=\"noopener\">\u00c0 Rennes, la M\u00e9tropole va installer 2\u00a0800\u00a0panneaux solaires sur le toit de deux parcs-relais<\/a><\/p>\n<p>Le 12\u00a0juin, Ren\u00e9-Fran\u00e7ois Houssin, accompagn\u00e9 d\u2019\u00e9lus, a officialis\u00e9 ce projet en signant une convention avec Vincent Vanderhaghen, pr\u00e9sident de la Ciren.<\/p>\n<p>L\u2019autoconsommation collective permet de partager l\u2019\u00e9nergie produite localement via une distribution \u00e0 des points de consommation situ\u00e9s dans un p\u00e9rim\u00e8tre de 2\u00a0km.<\/p>\n<p>Ce projet de centrale solaire, g\u00e9r\u00e9 par la Ciren et relay\u00e9 en local par Vezin\u2019sol, n\u00e9cessite deux\u00a0types d\u2019acteurs\u00a0: des investisseurs et des consommateurs.<\/p>\n<p>Dans un premier temps, cette centrale solaire doit \u00eatre financ\u00e9e \u00e0 hauteur de 20\u00a0000\u00a0\u20ac. Ce financement se fait par l\u2019acquisition de parts sociales de la coop\u00e9rative Ciren, estim\u00e9es actuellement \u00e0 53\u00a0\u20ac. Dans un deuxi\u00e8me temps, l\u2019\u00e9lectricit\u00e9 produite doit \u00eatre achet\u00e9e sous forme de forfait de kw\/h par des consommateurs.<\/p>\n<p>Cette quantit\u00e9 souscrite viendra se soustraire \u00e0 la quantit\u00e9 consomm\u00e9e aupr\u00e8s du fournisseur d\u2019\u00e9lectricit\u00e9 de l\u2019habitation avec un prix du kw\/h qui sera au d\u00e9part comparable \u00e0 celui du tarif r\u00e9glement\u00e9, mais qui \u00e9voluera peu dans le temps.<\/p>\n<p>La Ciren et Vezin\u2019sol invitent les habitants int\u00e9ress\u00e9s \u00e0 une pr\u00e9sentation du projet, lors de la r\u00e9union publique mercredi 25\u00a0juin, \u00e0 20\u00a0h, salle Mosa\u00efque au Tempo.<\/p>\n<p><strong>Contact\u00a0: <\/strong>ciren-sas.fr et contact@ciren-sas.fr, vezinsol35132@gmail.com, t\u00e9l. 07\u00a049\u00a080\u00a008\u00a053.<\/p>\n<p>\u00a0<\/p>\n","protected":false},"excerpt":{"rendered":"En novembre, le collectif citoyen Vezin\u2019sol, en lien avec \u00c9nergies du pays de Rennes (EPR) et la Ciren&hellip;\n","protected":false},"author":2,"featured_media":179717,"comment_status":"","ping_status":"","sticky":false,"template":"","format":"standard","meta":{"footnotes":""},"categories":[2821],"tags":[1111,11,10036,829,31664,1777,674,1011,27,12,13081,1095,3086,584,25,13082,31663,15047],"class_list":{"0":"post-179716","1":"post","2":"type-post","3":"status-publish","4":"format-standard","5":"has-post-thumbnail","7":"category-rennes","8":"tag-actu","9":"tag-actualites","10":"tag-ateliers","11":"tag-bretagne","12":"tag-communaux","13":"tag-eu","14":"tag-europe","15":"tag-fr","16":"tag-france","17":"tag-news","18":"tag-panneaux","19":"tag-projet","20":"tag-redon","21":"tag-rennes","22":"tag-republique-francaise","23":"tag-solaires","24":"tag-toit","25":"tag-vezin-le-coquet"},"share_on_mastodon":{"url":"https:\/\/pubeurope.com\/@fr\/114690526013487914","error":""},"_links":{"self":[{"href":"https:\/\/www.europesays.com\/fr\/wp-json\/wp\/v2\/posts\/179716","targetHints":{"allow":["GET"]}}],"collection":[{"href":"https:\/\/www.europesays.com\/fr\/wp-json\/wp\/v2\/posts"}],"about":[{"href":"https:\/\/www.europesays.com\/fr\/wp-json\/wp\/v2\/types\/post"}],"author":[{"embeddable":true,"href":"https:\/\/www.europesays.com\/fr\/wp-json\/wp\/v2\/users\/2"}],"replies":[{"embeddable":true,"href":"https:\/\/www.europesays.com\/fr\/wp-json\/wp\/v2\/comments?post=179716"}],"version-history":[{"count":0,"href":"https:\/\/www.europesays.com\/fr\/wp-json\/wp\/v2\/posts\/179716\/revisions"}],"wp:featuredmedia":[{"embeddable":true,"href":"https:\/\/www.europesays.com\/fr\/wp-json\/wp\/v2\/media\/179717"}],"wp:attachment":[{"href":"https:\/\/www.europesays.com\/fr\/wp-json\/wp\/v2\/media?parent=179716"}],"wp:term":[{"taxonomy":"category","embeddable":true,"href":"https:\/\/www.europesays.com\/fr\/wp-json\/wp\/v2\/categories?post=179716"},{"taxonomy":"post_tag","embeddable":true,"href":"https:\/\/www.europesays.com\/fr\/wp-json\/wp\/v2\/tags?post=179716"}],"curies":[{"name":"wp","href":"https:\/\/api.w.org\/{rel}","templated":true}]}}