{"id":179719,"date":"2025-06-16T01:50:18","date_gmt":"2025-06-16T01:50:18","guid":{"rendered":"https:\/\/www.europesays.com\/fr\/179719\/"},"modified":"2025-06-16T01:50:18","modified_gmt":"2025-06-16T01:50:18","slug":"basket-ball-la-meteorite-alsacienne-joan-beringer-prete-a-eblouir-le-ciel-de-la-nba","status":"publish","type":"post","link":"https:\/\/www.europesays.com\/fr\/179719\/","title":{"rendered":"Basket-ball. La m\u00e9t\u00e9orite alsacienne Joan Beringer, pr\u00eate \u00e0 \u00e9blouir le ciel de la NBA"},"content":{"rendered":"<p>Il a connu des \u00ab\u00a0moments plus difficiles que d\u2019autres\u00a0\u00bb, comme il le dit avec pudeur, mais les \u00e9preuves l\u2019ont \u00ab\u00a0forg\u00e9\u00a0\u00bb et lui ont \u00ab\u00a0permis de devenir la personne\u00a0\u00bb qu\u2019il est aujourd\u2019hui. Joan Beringer a d\u2019abord v\u00e9cu une \u00ab\u00a0enfance plut\u00f4t heureuse\u00a0\u00bb avec son petit fr\u00e8re Axel.<\/p>\n<p>Install\u00e9s \u00e0 S\u00e9lestat &#8211; une ville \u00ab\u00a0ni trop grande, ni trop petite, avec la nature et les montagnes \u00e0 c\u00f4t\u00e9\u00a0\u00bb -, les deux gar\u00e7ons s\u2019appuient sur un solide noyau familial et une \u00ab\u00a0double culture\u00a0\u00bb qui leur donne de la force. D\u2019un c\u00f4t\u00e9, une maman b\u00e9ninoise, Eunice Agbayahun, qui leur enseigne l\u2019humilit\u00e9 h\u00e9rit\u00e9e de sa \u00ab\u00a0foi en Dieu\u00a0\u00bb et l\u2019amour des choses simples. De l\u2019autre, un papa alsacien, Guillaume Beringer, toujours partant pour aller \u00ab\u00a0crapahuter\u00a0\u00bb en altitude avec femme et enfants. Ensemble, ils appr\u00e9cient les petits plaisirs du quotidien.<\/p>\n<p>\u00ab\u00a0Je suis tr\u00e8s gentil mais quand on l\u2019est trop, les autres ont tendance \u00e0 en profiter\u00a0\u00bb<\/p>\n<p>\u00ab\u00a0Dans mon pays d\u2019origine, la vie n\u2019est pas facile pour tout le monde, raconte Eunice. Les&#8230;<\/p>\n","protected":false},"excerpt":{"rendered":"Il a connu des \u00ab\u00a0moments plus difficiles que d\u2019autres\u00a0\u00bb, comme il le dit avec pudeur, mais les \u00e9preuves&hellip;\n","protected":false},"author":2,"featured_media":179720,"comment_status":"","ping_status":"","sticky":false,"template":"","format":"standard","meta":{"footnotes":""},"categories":[2820],"tags":[328,1111,11,1791,3143,2880,1777,674,107,1011,27,775,3035,12,25,4604,3141,3543,517,640,2879],"class_list":{"0":"post-179719","1":"post","2":"type-post","3":"status-publish","4":"format-standard","5":"has-post-thumbnail","7":"category-strasbourg","8":"tag-a-la-une","9":"tag-actu","10":"tag-actualites","11":"tag-basket-ball","12":"tag-edition-selestat-erstein","13":"tag-edition-strasbourg","14":"tag-eu","15":"tag-europe","16":"tag-fil-info","17":"tag-fr","18":"tag-france","19":"tag-grand-est","20":"tag-la-matinale-strasbourg","21":"tag-news","22":"tag-republique-francaise","23":"tag-selection-abonne","24":"tag-selestat","25":"tag-sig-strasbourg","26":"tag-sport","27":"tag-strasbourg","28":"tag-strasbourg-ville"},"share_on_mastodon":{"url":"https:\/\/pubeurope.com\/@fr\/114690537759551027","error":""},"_links":{"self":[{"href":"https:\/\/www.europesays.com\/fr\/wp-json\/wp\/v2\/posts\/179719","targetHints":{"allow":["GET"]}}],"collection":[{"href":"https:\/\/www.europesays.com\/fr\/wp-json\/wp\/v2\/posts"}],"about":[{"href":"https:\/\/www.europesays.com\/fr\/wp-json\/wp\/v2\/types\/post"}],"author":[{"embeddable":true,"href":"https:\/\/www.europesays.com\/fr\/wp-json\/wp\/v2\/users\/2"}],"replies":[{"embeddable":true,"href":"https:\/\/www.europesays.com\/fr\/wp-json\/wp\/v2\/comments?post=179719"}],"version-history":[{"count":0,"href":"https:\/\/www.europesays.com\/fr\/wp-json\/wp\/v2\/posts\/179719\/revisions"}],"wp:featuredmedia":[{"embeddable":true,"href":"https:\/\/www.europesays.com\/fr\/wp-json\/wp\/v2\/media\/179720"}],"wp:attachment":[{"href":"https:\/\/www.europesays.com\/fr\/wp-json\/wp\/v2\/media?parent=179719"}],"wp:term":[{"taxonomy":"category","embeddable":true,"href":"https:\/\/www.europesays.com\/fr\/wp-json\/wp\/v2\/categories?post=179719"},{"taxonomy":"post_tag","embeddable":true,"href":"https:\/\/www.europesays.com\/fr\/wp-json\/wp\/v2\/tags?post=179719"}],"curies":[{"name":"wp","href":"https:\/\/api.w.org\/{rel}","templated":true}]}}