{"id":179729,"date":"2025-06-16T01:58:18","date_gmt":"2025-06-16T01:58:18","guid":{"rendered":"https:\/\/www.europesays.com\/fr\/179729\/"},"modified":"2025-06-16T01:58:18","modified_gmt":"2025-06-16T01:58:18","slug":"une-bagarre-generale-eclate-a-toulouse-un-homme-grievement-blesse","status":"publish","type":"post","link":"https:\/\/www.europesays.com\/fr\/179729\/","title":{"rendered":"une bagarre g\u00e9n\u00e9rale \u00e9clate \u00e0 Toulouse, un homme gri\u00e8vement bless\u00e9"},"content":{"rendered":"<p>C\u2019est lors d\u2019un tournoi de foot (u10) proche de Toulouse qu\u2019une bagarre a \u00e9clat\u00e9. Un homme a \u00e9t\u00e9 bless\u00e9, et un autre agress\u00e9.<\/p>\n<p class=\"fig-paragraph\">Un homme a \u00e9t\u00e9 gri\u00e8vement bless\u00e9 et un \u00e9ducateur agress\u00e9 lors d&rsquo;une bagarre g\u00e9n\u00e9rale durant un tournoi de football U10 pr\u00e8s de Toulouse samedi, a-t-on appris de sources concordantes dimanche. Les secours sont intervenus sur le terrain de football et \u00abont transport\u00e9 un bless\u00e9 grave\u00bb, samedi apr\u00e8s-midi, ont indiqu\u00e9 les pompiers dimanche \u00e0 l&rsquo;AFP.<\/p>\n<p class=\"fig-paragraph\">L&rsquo;homme, parent d&rsquo;un jeune joueur, a \u00e9t\u00e9 bless\u00e9 lors d&rsquo;une bagarre \u00abd&rsquo;une extr\u00eame violence\u00bb, durant une rencontre entre deux \u00e9quipes de football locales d&rsquo;enfants de dix ans, dans le cadre d&rsquo;un tournoi, selon la copr\u00e9sidente d&rsquo;un des deux clubs.<\/p>\n<p>Enfants choqu\u00e9s<\/p>\n<p class=\"fig-paragraph\">Des parents et spectateurs qui ont envahi le terrain \u00abse sont battus devant les enfants qui sont tr\u00e8s choqu\u00e9s\u00bb et s&rsquo;en sont \u00e9galement pris \u00e0 un \u00e9ducateur b\u00e9n\u00e9vole d&rsquo;un des deux clubs qui a \u00e9t\u00e9 \u00abrou\u00e9 de coups\u00bb et \u00abaura probablement plusieurs jours d&rsquo;ITT\u00bb, rapporte la copr\u00e9sidente.<\/p>\n","protected":false},"excerpt":{"rendered":"C\u2019est lors d\u2019un tournoi de foot (u10) proche de Toulouse qu\u2019une bagarre a \u00e9clat\u00e9. Un homme a \u00e9t\u00e9&hellip;\n","protected":false},"author":2,"featured_media":179730,"comment_status":"","ping_status":"","sticky":false,"template":"","format":"standard","meta":{"footnotes":""},"categories":[2816],"tags":[1111,11,454,69,448,83,451,64,1777,450,449,674,63,1011,27,452,453,66,446,447,12,2680,70,25,2312,455],"class_list":{"0":"post-179729","1":"post","2":"type-post","3":"status-publish","4":"format-standard","5":"has-post-thumbnail","7":"category-toulouse","8":"tag-actu","9":"tag-actualites","10":"tag-ballon-dor","11":"tag-bundesliga","12":"tag-champions-league","13":"tag-coupe-de-france","14":"tag-coupe-du-monde","15":"tag-equipe-de-france","16":"tag-eu","17":"tag-euro","18":"tag-europa-league","19":"tag-europe","20":"tag-football","21":"tag-fr","22":"tag-france","23":"tag-italie","24":"tag-liga","25":"tag-ligue-1","26":"tag-ligue-2","27":"tag-ligue-des-champions","28":"tag-news","29":"tag-occitanie","30":"tag-premier-league","31":"tag-republique-francaise","32":"tag-toulouse","33":"tag-uefa"},"share_on_mastodon":{"url":"https:\/\/pubeurope.com\/@fr\/114690569208588552","error":""},"_links":{"self":[{"href":"https:\/\/www.europesays.com\/fr\/wp-json\/wp\/v2\/posts\/179729","targetHints":{"allow":["GET"]}}],"collection":[{"href":"https:\/\/www.europesays.com\/fr\/wp-json\/wp\/v2\/posts"}],"about":[{"href":"https:\/\/www.europesays.com\/fr\/wp-json\/wp\/v2\/types\/post"}],"author":[{"embeddable":true,"href":"https:\/\/www.europesays.com\/fr\/wp-json\/wp\/v2\/users\/2"}],"replies":[{"embeddable":true,"href":"https:\/\/www.europesays.com\/fr\/wp-json\/wp\/v2\/comments?post=179729"}],"version-history":[{"count":0,"href":"https:\/\/www.europesays.com\/fr\/wp-json\/wp\/v2\/posts\/179729\/revisions"}],"wp:featuredmedia":[{"embeddable":true,"href":"https:\/\/www.europesays.com\/fr\/wp-json\/wp\/v2\/media\/179730"}],"wp:attachment":[{"href":"https:\/\/www.europesays.com\/fr\/wp-json\/wp\/v2\/media?parent=179729"}],"wp:term":[{"taxonomy":"category","embeddable":true,"href":"https:\/\/www.europesays.com\/fr\/wp-json\/wp\/v2\/categories?post=179729"},{"taxonomy":"post_tag","embeddable":true,"href":"https:\/\/www.europesays.com\/fr\/wp-json\/wp\/v2\/tags?post=179729"}],"curies":[{"name":"wp","href":"https:\/\/api.w.org\/{rel}","templated":true}]}}