{"id":179733,"date":"2025-06-16T02:01:13","date_gmt":"2025-06-16T02:01:13","guid":{"rendered":"https:\/\/www.europesays.com\/fr\/179733\/"},"modified":"2025-06-16T02:01:13","modified_gmt":"2025-06-16T02:01:13","slug":"la-cour-de-cassation-rejette-le-pourvoi-des-dentistes-bouchers-marseillais","status":"publish","type":"post","link":"https:\/\/www.europesays.com\/fr\/179733\/","title":{"rendered":"la Cour de cassation rejette le pourvoi des \u00ab\u00a0dentistes-bouchers\u00a0\u00bb marseillais"},"content":{"rendered":"<p>La plus haute juridiction judiciaire fran\u00e7aise a tranch\u00e9. Ce jeudi 12 juin, la Cour de cassation a rejet\u00e9 le pourvoi form\u00e9 par <a href=\"https:\/\/www.laprovence.com\/article\/region\/81699743507154\/marseille-peine-de-8-ans-de-prison-confirmee-pour-le-dentiste-lionel-guedj\" target=\"_blank\" rel=\"nofollow noopener\">Lionel Guedj et son p\u00e8re Jean-Claude Guedj<\/a>, dit \u00ab\u00a0Carnot\u00a0\u00bb, rendant leur condamnation d\u00e9finitive. Le 20\u00a0octobre 2023, la cour d\u2019appel d\u2019Aix-en-Provence avait d\u00e9clar\u00e9 les <a href=\"https:\/\/www.laprovence.com\/article\/region\/61332283228004\/proces-des-dentistes-de-saint-antoine-a-marseille-peine-maximale-requise-contre-lionel-guedj\" target=\"_blank\" rel=\"nofollow noopener\">deux dentistes coupables de \u00ab\u00a0violences suivies de mutilation ou d\u2019infirmit\u00e9 permanente, escroquerie aux organismes sociaux, faux et usages de faux\u00a0\u00bb<\/a>. Ils avaient \u00e9cop\u00e9 respectivement de huit et cinq ann\u00e9es d\u2019emprisonnement.<\/p>\n<p>Pr\u00e8s de 400 victimes<\/p>\n<p>Install\u00e9 \u00e0 Saint-Antoine, dans le 15e\u00a0arrondissement de Marseille, en\u00a02005, Lionel Guedj promettait \u00e0 ses patients un \u00ab\u00a0sourire de stars\u00a0\u00bb. Usant de son bagou et abusant de la confiance de ses victimes, le jeune dentiste avait d\u00e9vitalis\u00e9 quelque 3\u00a0900\u00a0dents saines <a href=\"https:\/\/www.laprovence.com\/article\/faits-divers-justice\/43750407012386\/marseille-10-ans-et-5-ans-de-prison-requis-au-proces-des-dentistes-guedj\" target=\"_blank\" rel=\"nofollow noopener\">chez pr\u00e8s de 400\u00a0patients<\/a> pour ensuite poser des bridges r\u00e9mun\u00e9rateurs.<\/p>\n<p>Avec le concours de son p\u00e8re, en fin de carri\u00e8re, Lionel Guedj avait transform\u00e9 son cabinet en \u00ab\u00a0une machine \u00e0 fric fonctionnant \u00e0 plein r\u00e9gime\u00a0\u00bb, avait point\u00e9 l\u2019avocat g\u00e9n\u00e9ral Patrice Ollivier-Maurel. D\u2019apr\u00e8s les investigations, en cinq ans, de\u00a02006 \u00e0\u00a02012, le dentiste de Saint-Antoine s\u2019\u00e9tait hiss\u00e9 au rang de dentiste le mieux r\u00e9mun\u00e9r\u00e9 de France, affichant des revenus mensuels compris entre 65\u00a0000\u00a0et 80\u00a0000\u00a0euros et ayant accumul\u00e9 un patrimoine de 13\u00a0millions d\u2019euros, \u00ab\u00a0tout en exer\u00e7ant dans un des quartiers les plus pauvres du pays\u00a0\u00bb, avait relev\u00e9 le repr\u00e9sentant du minist\u00e8re public.<\/p>\n","protected":false},"excerpt":{"rendered":"La plus haute juridiction judiciaire fran\u00e7aise a tranch\u00e9. Ce jeudi 12 juin, la Cour de cassation a rejet\u00e9&hellip;\n","protected":false},"author":2,"featured_media":179734,"comment_status":"","ping_status":"","sticky":false,"template":"","format":"standard","meta":{"footnotes":""},"categories":[2814],"tags":[17,1111,11,13060,31665,8663,154,1777,674,274,1011,27,30707,884,12,31666,882,23703,25],"class_list":{"0":"post-179733","1":"post","2":"type-post","3":"status-publish","4":"format-standard","5":"has-post-thumbnail","7":"category-marseille","8":"tag-17","9":"tag-actu","10":"tag-actualites","11":"tag-affaire","12":"tag-cassation","13":"tag-cour","14":"tag-des","15":"tag-eu","16":"tag-europe","17":"tag-faits-divers-justice","18":"tag-fr","19":"tag-france","20":"tag-guedj","21":"tag-marseille","22":"tag-news","23":"tag-pourvoi","24":"tag-provence-alpes-cote-dazur","25":"tag-rejette","26":"tag-republique-francaise"},"share_on_mastodon":{"url":"https:\/\/pubeurope.com\/@fr\/114690581080297110","error":""},"_links":{"self":[{"href":"https:\/\/www.europesays.com\/fr\/wp-json\/wp\/v2\/posts\/179733","targetHints":{"allow":["GET"]}}],"collection":[{"href":"https:\/\/www.europesays.com\/fr\/wp-json\/wp\/v2\/posts"}],"about":[{"href":"https:\/\/www.europesays.com\/fr\/wp-json\/wp\/v2\/types\/post"}],"author":[{"embeddable":true,"href":"https:\/\/www.europesays.com\/fr\/wp-json\/wp\/v2\/users\/2"}],"replies":[{"embeddable":true,"href":"https:\/\/www.europesays.com\/fr\/wp-json\/wp\/v2\/comments?post=179733"}],"version-history":[{"count":0,"href":"https:\/\/www.europesays.com\/fr\/wp-json\/wp\/v2\/posts\/179733\/revisions"}],"wp:featuredmedia":[{"embeddable":true,"href":"https:\/\/www.europesays.com\/fr\/wp-json\/wp\/v2\/media\/179734"}],"wp:attachment":[{"href":"https:\/\/www.europesays.com\/fr\/wp-json\/wp\/v2\/media?parent=179733"}],"wp:term":[{"taxonomy":"category","embeddable":true,"href":"https:\/\/www.europesays.com\/fr\/wp-json\/wp\/v2\/categories?post=179733"},{"taxonomy":"post_tag","embeddable":true,"href":"https:\/\/www.europesays.com\/fr\/wp-json\/wp\/v2\/tags?post=179733"}],"curies":[{"name":"wp","href":"https:\/\/api.w.org\/{rel}","templated":true}]}}