{"id":179737,"date":"2025-06-16T02:03:15","date_gmt":"2025-06-16T02:03:15","guid":{"rendered":"https:\/\/www.europesays.com\/fr\/179737\/"},"modified":"2025-06-16T02:03:15","modified_gmt":"2025-06-16T02:03:15","slug":"lyon-clamser-a-tataouine-raphael-quenard-dans-la-peau-dun-serial-killer-2","status":"publish","type":"post","link":"https:\/\/www.europesays.com\/fr\/179737\/","title":{"rendered":"Lyon. Clamser \u00e0 Tataouine , Rapha\u00ebl Quenard dans la peau d\u2019un serial killer"},"content":{"rendered":"<p><a href=\"http:\/\/www.leprogres.fr\/p\/raphael-quenard\" target=\"_blank\" rel=\"nofollow noopener\">Rapha\u00ebl Quenard<\/a> interpr\u00e8te souvent des r\u00f4les borderline\u2026 Mais, \u00e0 notre connaissance, il n\u2019a jamais jou\u00e9 un serial killer. C\u2019est pourtant dans la peau d\u2019un adepte de f\u00e9minicides en s\u00e9rie qu\u2019il se glisse, avec bonheur, dans son premier roman, Clamser \u00e0 Tataouine.<\/p>\n<p>De surcro\u00eet, le com\u00e9dien (il a notamment jou\u00e9 dans Yannick et dans Chien de la casse , film pour lequel il a re\u00e7u le C\u00e9sar de la&#8230;<\/p>\n","protected":false},"excerpt":{"rendered":"Rapha\u00ebl Quenard interpr\u00e8te souvent des r\u00f4les borderline\u2026 Mais, \u00e0 notre connaissance, il n\u2019a jamais jou\u00e9 un serial killer.&hellip;\n","protected":false},"author":2,"featured_media":178424,"comment_status":"","ping_status":"","sticky":false,"template":"","format":"standard","meta":{"footnotes":""},"categories":[1889],"tags":[1111,11,2430,1687,2757,1777,674,1011,27,2410,2428,2756,12,25,2429],"class_list":{"0":"post-179737","1":"post","2":"type-post","3":"status-publish","4":"format-standard","5":"has-post-thumbnail","7":"category-lyon","8":"tag-actu","9":"tag-actualites","10":"tag-auvergne-rhone-alpes","11":"tag-culture-loisirs","12":"tag-edition-lyon-villeurbanne","13":"tag-eu","14":"tag-europe","15":"tag-fr","16":"tag-france","17":"tag-livres-bd","18":"tag-lyon","19":"tag-lyon-bassin","20":"tag-news","21":"tag-republique-francaise","22":"tag-rhone"},"share_on_mastodon":{"url":"https:\/\/pubeurope.com\/@fr\/114690588996181634","error":""},"_links":{"self":[{"href":"https:\/\/www.europesays.com\/fr\/wp-json\/wp\/v2\/posts\/179737","targetHints":{"allow":["GET"]}}],"collection":[{"href":"https:\/\/www.europesays.com\/fr\/wp-json\/wp\/v2\/posts"}],"about":[{"href":"https:\/\/www.europesays.com\/fr\/wp-json\/wp\/v2\/types\/post"}],"author":[{"embeddable":true,"href":"https:\/\/www.europesays.com\/fr\/wp-json\/wp\/v2\/users\/2"}],"replies":[{"embeddable":true,"href":"https:\/\/www.europesays.com\/fr\/wp-json\/wp\/v2\/comments?post=179737"}],"version-history":[{"count":0,"href":"https:\/\/www.europesays.com\/fr\/wp-json\/wp\/v2\/posts\/179737\/revisions"}],"wp:featuredmedia":[{"embeddable":true,"href":"https:\/\/www.europesays.com\/fr\/wp-json\/wp\/v2\/media\/178424"}],"wp:attachment":[{"href":"https:\/\/www.europesays.com\/fr\/wp-json\/wp\/v2\/media?parent=179737"}],"wp:term":[{"taxonomy":"category","embeddable":true,"href":"https:\/\/www.europesays.com\/fr\/wp-json\/wp\/v2\/categories?post=179737"},{"taxonomy":"post_tag","embeddable":true,"href":"https:\/\/www.europesays.com\/fr\/wp-json\/wp\/v2\/tags?post=179737"}],"curies":[{"name":"wp","href":"https:\/\/api.w.org\/{rel}","templated":true}]}}