{"id":17974,"date":"2025-04-11T18:36:09","date_gmt":"2025-04-11T18:36:09","guid":{"rendered":"https:\/\/www.europesays.com\/fr\/17974\/"},"modified":"2025-04-11T18:36:09","modified_gmt":"2025-04-11T18:36:09","slug":"cyclisme-region-pays-de-loire-tour-2","status":"publish","type":"post","link":"https:\/\/www.europesays.com\/fr\/17974\/","title":{"rendered":"Cyclisme. R\u00e9gion Pays de Loire Tour"},"content":{"rendered":"<p>Le <strong>R\u00e9gion Pays de la Loire Tour<\/strong> se concluait ce vendredi avec une ultime \u00e9tape au Mans. 186 kilom\u00e8tres, quelques bosses, suffisamment pour faire une course de mouvement. <strong>Sam Bennett <\/strong>(Decathlon AG2R La Mondiale), leader depuis la 1\u00e8re \u00e9tape, en a fait les frais et c&rsquo;est <strong>K\u00e9vin Vauquelin<\/strong> (Ark\u00e9a-B&amp;B Hotels) qui en a profit\u00e9. Le Fran\u00e7ais a domin\u00e9\u00a0<strong>James Shaw<\/strong> (EF Education-Easy Post) et\u00a0<strong>Alexandre Delettre<\/strong>\u00a0(TotalEnergies) au sprint, lui permettant de remporter le classement g\u00e9n\u00e9ral.<\/p>\n<p>Vid\u00e9o &#8211; Le final de la 4e \u00e9tape&#8230; K\u00e9vin Vauquelin rafle tout ! Lire la suite de l&rsquo;article&#13;<\/p>\n<p>\u00a0<\/p>\n<p>&#13;<br \/>\nLe r\u00e9sum\u00e9&#13;<\/p>\n<p>Trois hommes ouvrent la route sur l&rsquo;\u00e9preuve fran\u00e7aise. On retrouve \u00e0 l&rsquo;avant<strong> Andreas Leknessund <\/strong>(Uno-X Mobility),<strong> Alessandro Tonelli <\/strong>(Team Polti-Visit Malta), et <strong>Th\u00e9o Delacroix <\/strong>(St Michel-Preference Home-Auber 93). Mais les favoris souhaitent une course de mouvement et font le tempo derri\u00e8re. <strong>Pierre Latour <\/strong>(TotalEnergies) et <strong>K\u00e9vin Vauquelin <\/strong>(Ark\u00e9a-B&amp;B Hotels) passent \u00e0 l&rsquo;attaque \u00e0 32 kilom\u00e8tres de l&rsquo;arriv\u00e9e. Une fois le duo repris, <strong>R\u00e9mi Cavagna <\/strong>(Groupama-FDJ) et <strong>Lorenzo Manzin<\/strong> (TotalEnergies) partent en contre.<\/p>\n<p>&#13;<\/p>\n<p>De nombreux coureurs attaquent et reviennent sur le groupe de t\u00eate, alors que <strong>Sam Bennett,<\/strong> le leader, est distanc\u00e9. A 20 kilom\u00e8tres de l&rsquo;arriv\u00e9e, <strong>Vauquelin<\/strong>, <strong>Ewen Costiou<\/strong>,<strong> James Shaw<\/strong> (EF Education-Easy Post),\u00a0<strong>Alexandre Delettre <\/strong>(TotalEnergies) et <strong>Andreas Leknessund<\/strong> se retrouvent en t\u00eate avec une quinzaine de secondes d&rsquo;avance sur le peloton. A quatre kilom\u00e8tres, <strong>Delettre <\/strong>attaque avec <strong>Vauquelin<\/strong> et <strong>Shaw<\/strong>. <strong>Costiou<\/strong> et <strong>Leknessund<\/strong> rentrent \u00e0 1,5km de l&rsquo;arriv\u00e9e. La victoire se joue au sprint, <strong>Delettre<\/strong> lance, <strong>Vauquelin<\/strong> se met \u00e0 sa hauteur et semble le passer. Le Fran\u00e7ais r\u00e9siste \u00e0 <strong>Shaw <\/strong>et l\u00e8ve les bras.<\/p>\n<p>Region Pays de la Loire Tour &#8211; Classement de la 4\u00e8 \u00e9tape Region Pays de la Loire Tour &#8211; Classement g\u00e9n\u00e9ral<\/p>\n","protected":false},"excerpt":{"rendered":"Le R\u00e9gion Pays de la Loire Tour se concluait ce vendredi avec une ultime \u00e9tape au Mans. 186&hellip;\n","protected":false},"author":2,"featured_media":17975,"comment_status":"","ping_status":"","sticky":false,"template":"","format":"standard","meta":{"footnotes":""},"categories":[1411],"tags":[1154,207,211,1011,27,6544,209,60,210,212,208,213],"class_list":{"0":"post-17974","1":"post","2":"type-post","3":"status-publish","4":"format-standard","5":"has-post-thumbnail","7":"category-cyclisme","8":"tag-cycling","9":"tag-cyclisme","10":"tag-ffc","11":"tag-fr","12":"tag-france","13":"tag-region-pays-de-loire-tour","14":"tag-route","15":"tag-sports","16":"tag-tour-de-france","17":"tag-uci","18":"tag-velo","19":"tag-world-tour"},"share_on_mastodon":{"url":"https:\/\/pubeurope.com\/@fr\/114320781201868353","error":""},"_links":{"self":[{"href":"https:\/\/www.europesays.com\/fr\/wp-json\/wp\/v2\/posts\/17974","targetHints":{"allow":["GET"]}}],"collection":[{"href":"https:\/\/www.europesays.com\/fr\/wp-json\/wp\/v2\/posts"}],"about":[{"href":"https:\/\/www.europesays.com\/fr\/wp-json\/wp\/v2\/types\/post"}],"author":[{"embeddable":true,"href":"https:\/\/www.europesays.com\/fr\/wp-json\/wp\/v2\/users\/2"}],"replies":[{"embeddable":true,"href":"https:\/\/www.europesays.com\/fr\/wp-json\/wp\/v2\/comments?post=17974"}],"version-history":[{"count":0,"href":"https:\/\/www.europesays.com\/fr\/wp-json\/wp\/v2\/posts\/17974\/revisions"}],"wp:featuredmedia":[{"embeddable":true,"href":"https:\/\/www.europesays.com\/fr\/wp-json\/wp\/v2\/media\/17975"}],"wp:attachment":[{"href":"https:\/\/www.europesays.com\/fr\/wp-json\/wp\/v2\/media?parent=17974"}],"wp:term":[{"taxonomy":"category","embeddable":true,"href":"https:\/\/www.europesays.com\/fr\/wp-json\/wp\/v2\/categories?post=17974"},{"taxonomy":"post_tag","embeddable":true,"href":"https:\/\/www.europesays.com\/fr\/wp-json\/wp\/v2\/tags?post=17974"}],"curies":[{"name":"wp","href":"https:\/\/api.w.org\/{rel}","templated":true}]}}