{"id":179746,"date":"2025-06-16T02:14:28","date_gmt":"2025-06-16T02:14:28","guid":{"rendered":"https:\/\/www.europesays.com\/fr\/179746\/"},"modified":"2025-06-16T02:14:28","modified_gmt":"2025-06-16T02:14:28","slug":"qui-est-louis-de-lamoriciere-ce-general-controverse-vise-par-remi-feraud","status":"publish","type":"post","link":"https:\/\/www.europesays.com\/fr\/179746\/","title":{"rendered":"qui est Louis de Lamorici\u00e8re, ce g\u00e9n\u00e9ral controvers\u00e9 vis\u00e9 par R\u00e9mi F\u00e9raud\u00a0?"},"content":{"rendered":"<p>            Par<br \/>\n        <strong><br \/>\n            <a href=\"https:\/\/actu.fr\/auteur\/antoine-grotteria02\" title=\"Consulter tous les articles de Antoine Grotteria\" rel=\"nofollow noopener\" target=\"_blank\">Antoine Grotteria<\/a><br \/>\n        <\/strong><\/p>\n<p>        Publi\u00e9 le<\/p>\n<p>            15 juin 2025 \u00e0 11h57        <\/p>\n<p>Quand l\u2019Histoire percute l\u2019histoire au quotidien. Pr\u00e8s de deux cents ans apr\u00e8s la<strong> colonisation de l\u2019Alg\u00e9rie<\/strong>, la question m\u00e9morielle reste vive dans <strong>l\u2019espace public<\/strong> \u00e0 <a href=\"https:\/\/actu.fr\/paris\/\" rel=\"nofollow noopener\" target=\"_blank\">Paris<\/a>. Pourtant, les changements de voie se comptent sur les doigts d\u2019une main depuis le d\u00e9but du 21e si\u00e8cle. Le dernier en date a eu lieu en 2024. La maire de Paris <a href=\"https:\/\/actu.fr\/tag\/anne-hidalgo\" rel=\"nofollow noopener\" target=\"_blank\">Anne Hidalgo<\/a> (PS) avait alors d\u00e9cid\u00e9 de <strong>d\u00e9baptiser l\u2019avenue Bugeaud<\/strong>, du nom du mar\u00e9chal Thomas Robert Bugeaud, acteur majeur de la r\u00e9pression des groupes de r\u00e9sistance alg\u00e9riens. \u00c0 un an des <a href=\"https:\/\/actu.fr\/ile-de-france\/paris_75056\/deux-mandats-sont-suffisants-anne-hidalgo-ne-se-sera-pas-candidate-aux-municipales-de-2026-a-paris_61915886.html\" rel=\"nofollow noopener\" target=\"_blank\">\u00e9lections municipales<\/a>, le s\u00e9nateur de Paris <a href=\"https:\/\/actu.fr\/ile-de-france\/paris_75056\/municipales-2026-qui-est-remi-feraud-favori-d-anne-hidalgo-pour-prendre-sa-suite-a-la-mairie-de-paris_61916811.html\" rel=\"nofollow noopener\" target=\"_blank\">R\u00e9mi F\u00e9raud<\/a>, soutenu par l\u2019\u00e9dile, n\u2019a pas l\u2019intention de baisser la garde. D\u2019apr\u00e8s <a href=\"https:\/\/www.lemonde.fr\/politique\/article\/2025\/06\/13\/municipales-2026-a-paris-remi-feraud-veut-debaptiser-l-avenue-lamoriciere-et-poursuivre-le-travail-de-memoire_6612772_823448.html\" rel=\"nofollow noopener\" target=\"_blank\">Le Monde<\/a>, le candidat \u00e0 la primaire socialiste d\u00e9sire reformuler l\u2019avenue Lamorici\u00e8re, situ\u00e9e dans le <strong>12e arrondissement<\/strong>.<\/p>\n<p>Le p\u00e8re de l\u2019unit\u00e9 des \u00ab\u2009Zouaves\u2009\u00bb<\/p>\n<p class=\" wall-content\">Cette petite art\u00e8re de 225\u00a0m\u00e8tres pourrait bient\u00f4t changer de plaque. En cause, la visibilit\u00e9 conf\u00e9r\u00e9e \u00e0 Christophe Louis L\u00e9on Juchault de Lamorici\u00e8re, un <strong>g\u00e9n\u00e9ral<\/strong> de l\u2019arm\u00e9e fran\u00e7aise n\u00e9 en 1806 \u00e0 Nantes (Loire-Atlantique) et d\u00e9c\u00e9d\u00e9 au ch\u00e2teau de Prouzel, pr\u00e8s d\u2019Amiens (Somme) en 1865, d\u2019apr\u00e8s le site <a href=\"https:\/\/www.larousse.fr\/encyclopedie\/personnage\/Christophe_Louis_L%C3%A9on_Juchault_de_Lamorici%C3%A8re\/128592\" rel=\"nofollow noopener\" target=\"_blank\">Larousse<\/a>. Entre-temps, le militaire a jou\u00e9 un <strong>r\u00f4le majeur<\/strong> dans la colonisation du pays du nord de l\u2019Afrique.<\/p>\n<p class=\" wall-content\">Selon <a href=\"https:\/\/www.ouest-france.fr\/pays-de-la-loire\/nantes-44000\/louis-juchault-de-lamoriciere-fin-stratege-4489302\" rel=\"nofollow noopener\" target=\"_blank\">Ouest-France<\/a>, Louis de Lamorici\u00e8re fait partie des principaux cerveaux \u00e0 l\u2019origine des guerres men\u00e9es contre les r\u00e9sistants alg\u00e9riens, apr\u00e8s le d\u00e9barquement de l\u2019arm\u00e9e fran\u00e7aise ordonn\u00e9e en juin\u00a01830 par le <strong>roi Charles X<\/strong>. \u00c0 la t\u00eate des Zouaves, des unit\u00e9s d\u2019infanterie membres de \u00ab\u2009l\u2019Arm\u00e9e d\u2019Afrique\u2009\u00bb, le Polytechnicien a dirig\u00e9 les prises de Constantine (1837) et d\u2019Isly (1845). Ces conqu\u00eates interrogent certains historiens sur les m\u00e9thodes employ\u00e9es.<\/p>\n<p class=\" wall-content\">Dans un livre publi\u00e9 en 1964 aux Presses universitaires de France (PUF), l\u2019un d\u2019entre eux Charles-Andr\u00e9 Julien avait qualifi\u00e9 Louis de la Morici\u00e8re comme \u00ab<strong>\u2009le plus inhumain<\/strong>\u2009\u00bb des \u00ab\u2009grands chefs d\u2019Afrique\u2009\u00bb. Une citation reprise par le journaliste <strong>Jean-Michel Aphatie<\/strong> sur le r\u00e9seau social X (ex-Twitter) en f\u00e9vrier\u00a02022 pour d\u00e9noncer sa pr\u00e9sence au fronton d\u2019une \u00e9cole du 12e arrondissement.<\/p>\n<p class=\" wall-content\">\n<p>Une carri\u00e8re politique puis direction Rome<\/p>\n<p class=\" wall-content\">La colonisation fran\u00e7aise en Alg\u00e9rie n\u2019est pas le fruit d\u2019un jour. Elle s\u2019est construite sur des ann\u00e9es de lutte au terme des desquelles <strong>l\u2019\u00e9mir Abd El-Kader<\/strong>, chef de la r\u00e9bellion alg\u00e9rienne, a fait reddition le 21\u00a0d\u00e9cembre\u00a01847, comme le note <a href=\"https:\/\/www.monde-diplomatique.fr\/2019\/03\/METREF\/59633\" rel=\"nofollow noopener\" target=\"_blank\">Le Monde Diplomatique<\/a>. Il sera maintenu en captivit\u00e9 dans l\u2019Hexagone jusqu\u2019en 1852. Cet \u00e9pisode se r\u00e9v\u00e8le un moment charni\u00e8re dans la constitutionnalisation du territoire alg\u00e9rien qui sera fran\u00e7ais durant plus d\u2019un si\u00e8cle.<\/p>\n<p class=\" wall-content\">Nanti de ses succ\u00e8s, Louis de la Lamorici\u00e8re revient en France pour se faire \u00e9lire <strong>d\u00e9put\u00e9<\/strong> de la Sarthe et nomm\u00e9 <strong>ministre de la Guerre<\/strong>. En 1851, sa trajectoire politique est interrompue en \u00e9cho au coup d\u2019\u00c9tat orchestr\u00e9 par Louis-Napol\u00e9on Bonaparte. Forc\u00e9 \u00e0 l\u2019exil, il reste en Allemagne sept ans, avant d\u2019\u00e9migrer vers l\u2019Italie, o\u00f9 il aidera militairement le pape Pie IX \u00e0 combattre les Pi\u00e9montais. Insuffisant pour emp\u00eacher l\u2019unit\u00e9 du royaume transalpin en 1861.<\/p>\n<p class=\" wall-content\">Si ses actions s\u2019av\u00e8rent fortement controvers\u00e9es, la Ville de Paris a d\u00e9cid\u00e9 d\u2019inscrire son nom sur les plaques d\u2019une avenue du 12e arrondissement en 1932, un an apr\u00e8s <strong>l\u2019Exposition coloniale<\/strong> internationale organis\u00e9e au palais de la Porte-Dor\u00e9e, pr\u00e8s du bois de Vincennes. Aujourd\u2019hui, l\u2019\u00e9difice h\u00e9berge <a href=\"https:\/\/actu.fr\/ile-de-france\/paris_75056\/loi-immigration-paris-billets-de-musee-gratuits-pour-changer-de-regard-sur-l-immigration_60492938.html\" rel=\"nofollow noopener\" target=\"_blank\">le mus\u00e9e de l\u2019Histoire de l\u2019immigration<\/a>.<\/p>\n<p class=\" wall-content\">Suivez toute l\u2019actualit\u00e9 de vos villes et m\u00e9dias favoris en vous inscrivant \u00e0 <a href=\"https:\/\/moncompte.actu.fr\" title=\"D\u00e9couvez Mon Actu\" rel=\"nofollow noopener\" data-trk=\"{&quot;cta&quot;:{&quot;action&quot;:&quot;https:\\\/\\\/moncompte.actu.fr&quot;,&quot;category&quot;:&quot;mon compte&quot;,&quot;from&quot;:&quot;article footer&quot;,&quot;name&quot;:&quot;Mon actu&quot;,&quot;type&quot;:&quot;cta&quot;}}\" target=\"_blank\">Mon Actu<\/a>.<\/p>\n","protected":false},"excerpt":{"rendered":"Par Antoine Grotteria Publi\u00e9 le 15 juin 2025 \u00e0 11h57 Quand l\u2019Histoire percute l\u2019histoire au quotidien. Pr\u00e8s de&hellip;\n","protected":false},"author":2,"featured_media":179747,"comment_status":"","ping_status":"","sticky":false,"template":"","format":"standard","meta":{"footnotes":""},"categories":[1888],"tags":[11,1813,1777,674,1011,27,3434,12,626,31667,25,104],"class_list":{"0":"post-179746","1":"post","2":"type-post","3":"status-publish","4":"format-standard","5":"has-post-thumbnail","7":"category-paris","8":"tag-actualites","9":"tag-armee","10":"tag-eu","11":"tag-europe","12":"tag-fr","13":"tag-france","14":"tag-municipales-2026","15":"tag-news","16":"tag-paris","17":"tag-remi-feraud","18":"tag-republique-francaise","19":"tag-societe"},"share_on_mastodon":{"url":"https:\/\/pubeurope.com\/@fr\/114690632172909217","error":""},"_links":{"self":[{"href":"https:\/\/www.europesays.com\/fr\/wp-json\/wp\/v2\/posts\/179746","targetHints":{"allow":["GET"]}}],"collection":[{"href":"https:\/\/www.europesays.com\/fr\/wp-json\/wp\/v2\/posts"}],"about":[{"href":"https:\/\/www.europesays.com\/fr\/wp-json\/wp\/v2\/types\/post"}],"author":[{"embeddable":true,"href":"https:\/\/www.europesays.com\/fr\/wp-json\/wp\/v2\/users\/2"}],"replies":[{"embeddable":true,"href":"https:\/\/www.europesays.com\/fr\/wp-json\/wp\/v2\/comments?post=179746"}],"version-history":[{"count":0,"href":"https:\/\/www.europesays.com\/fr\/wp-json\/wp\/v2\/posts\/179746\/revisions"}],"wp:featuredmedia":[{"embeddable":true,"href":"https:\/\/www.europesays.com\/fr\/wp-json\/wp\/v2\/media\/179747"}],"wp:attachment":[{"href":"https:\/\/www.europesays.com\/fr\/wp-json\/wp\/v2\/media?parent=179746"}],"wp:term":[{"taxonomy":"category","embeddable":true,"href":"https:\/\/www.europesays.com\/fr\/wp-json\/wp\/v2\/categories?post=179746"},{"taxonomy":"post_tag","embeddable":true,"href":"https:\/\/www.europesays.com\/fr\/wp-json\/wp\/v2\/tags?post=179746"}],"curies":[{"name":"wp","href":"https:\/\/api.w.org\/{rel}","templated":true}]}}