{"id":179750,"date":"2025-06-16T02:16:10","date_gmt":"2025-06-16T02:16:10","guid":{"rendered":"https:\/\/www.europesays.com\/fr\/179750\/"},"modified":"2025-06-16T02:16:10","modified_gmt":"2025-06-16T02:16:10","slug":"france-russie-ou-standard-geraerts-a-fait-son-choix","status":"publish","type":"post","link":"https:\/\/www.europesays.com\/fr\/179750\/","title":{"rendered":"France, Russie ou Standard? Geraerts a fait son choix"},"content":{"rendered":"<p class=\"article__intro\">\n\t\t\t\t\tKarel Geraerts, 43 ans, a fait son choix pour la suite de sa carri\u00e8re d\u2019entra\u00eeneur principal. Courtis\u00e9 par le Standard de Li\u00e8ge et le CSKA Moscou, il a finalement opt\u00e9 pour le Stade de Reims.\n\t\t\t\t<\/p>\n<p>Malgr\u00e9 la r\u00e9cente rel\u00e9gation du club fran\u00e7ais en Ligue 2, Geraerts a privil\u00e9gi\u00e9 le projet sportif \u00e0 l\u2019offre financi\u00e8rement plus avantageuse du club russe, selon\u00a0Het Laatste Nieuws.<\/p>\n<p>Le Standard avait manifest\u00e9 un int\u00e9r\u00eat ces derniers jours, mais les contacts n&rsquo;ont jamais abouti \u00e0 des discussions concr\u00e8tes. De son c\u00f4t\u00e9, le CSKA Moscou semblait \u00e9galement une piste s\u00e9rieuse, mais le technicien belge a choisi de ne pas s&rsquo;engager avec un club russe dans le contexte actuel.<br \/>\nReims pour relancer sa carri\u00e8re<\/p>\n<p>Geraerts tentera donc de relancer sa carri\u00e8re sur le banc du Stade de Reims. Il s\u2019\u00e9tait fait un nom \u00e0 l\u2019Union Saint-Gilloise, o\u00f9 il avait impressionn\u00e9 en menant le club bruxellois en haut du classement de la Pro League.\u00a0<\/p>\n<p>En revanche, son passage suivant \u00e0 Schalke 04 en Allemagne s\u2019est sold\u00e9 par un \u00e9chec : il y a \u00e9t\u00e9 limog\u00e9 en septembre apr\u00e8s seulement quelques mois en poste.<\/p>\n<p>Avec ce choix, Geraerts esp\u00e8re retrouver une dynamique positive dans un environnement comp\u00e9titif, en misant sur un club ambitieux malgr\u00e9 sa descente en deuxi\u00e8me division fran\u00e7aise.<\/p>\n","protected":false},"excerpt":{"rendered":"Karel Geraerts, 43 ans, a fait son choix pour la suite de sa carri\u00e8re d\u2019entra\u00eeneur principal. Courtis\u00e9 par&hellip;\n","protected":false},"author":2,"featured_media":179751,"comment_status":"","ping_status":"","sticky":false,"template":"","format":"standard","meta":{"footnotes":""},"categories":[1591],"tags":[11,1887,31669,66,12,4243,1885,1886,132,31668,10662],"class_list":{"0":"post-179750","1":"post","2":"type-post","3":"status-publish","4":"format-standard","5":"has-post-thumbnail","7":"category-russie","8":"tag-actualites","9":"tag-federation-de-russie","10":"tag-geraerts","11":"tag-ligue-1","12":"tag-news","13":"tag-reims","14":"tag-russia","15":"tag-russian-federation","16":"tag-russie","17":"tag-standard","18":"tag-transferts"},"share_on_mastodon":{"url":"https:\/\/pubeurope.com\/@fr\/114690640048223549","error":""},"_links":{"self":[{"href":"https:\/\/www.europesays.com\/fr\/wp-json\/wp\/v2\/posts\/179750","targetHints":{"allow":["GET"]}}],"collection":[{"href":"https:\/\/www.europesays.com\/fr\/wp-json\/wp\/v2\/posts"}],"about":[{"href":"https:\/\/www.europesays.com\/fr\/wp-json\/wp\/v2\/types\/post"}],"author":[{"embeddable":true,"href":"https:\/\/www.europesays.com\/fr\/wp-json\/wp\/v2\/users\/2"}],"replies":[{"embeddable":true,"href":"https:\/\/www.europesays.com\/fr\/wp-json\/wp\/v2\/comments?post=179750"}],"version-history":[{"count":0,"href":"https:\/\/www.europesays.com\/fr\/wp-json\/wp\/v2\/posts\/179750\/revisions"}],"wp:featuredmedia":[{"embeddable":true,"href":"https:\/\/www.europesays.com\/fr\/wp-json\/wp\/v2\/media\/179751"}],"wp:attachment":[{"href":"https:\/\/www.europesays.com\/fr\/wp-json\/wp\/v2\/media?parent=179750"}],"wp:term":[{"taxonomy":"category","embeddable":true,"href":"https:\/\/www.europesays.com\/fr\/wp-json\/wp\/v2\/categories?post=179750"},{"taxonomy":"post_tag","embeddable":true,"href":"https:\/\/www.europesays.com\/fr\/wp-json\/wp\/v2\/tags?post=179750"}],"curies":[{"name":"wp","href":"https:\/\/api.w.org\/{rel}","templated":true}]}}