{"id":179752,"date":"2025-06-16T02:17:14","date_gmt":"2025-06-16T02:17:14","guid":{"rendered":"https:\/\/www.europesays.com\/fr\/179752\/"},"modified":"2025-06-16T02:17:14","modified_gmt":"2025-06-16T02:17:14","slug":"lukraine-craint-detre-releguee-au-second-plan","status":"publish","type":"post","link":"https:\/\/www.europesays.com\/fr\/179752\/","title":{"rendered":"l&rsquo;Ukraine craint d&rsquo;\u00eatre rel\u00e9gu\u00e9e au second plan"},"content":{"rendered":"<p>En Ukraine, alors que l\u2019arm\u00e9e russe continue de progresser sur le front, les autorit\u00e9s scrutent avec inqui\u00e9tude le conflit entre Isra\u00ebl et l\u2019Iran. Kiev craint d\u2019\u00eatre rel\u00e9gu\u00e9 au second plan, mais surtout que la Russie en b\u00e9n\u00e9ficie tr\u00e8s directement.<\/p>\n<p>Avec notre correspondant \u00e0 Kiev,<strong> Pierre Alonso<\/strong><\/p>\n<p>Parmi les inqui\u00e9tudes cit\u00e9es \u00e0 Kiev, il y a d\u2019abord le prix du p\u00e9trole, \u00e0 la hausse depuis le d\u00e9but des frappes isra\u00e9liennes en Iran. Or un prix du baril \u00e9lev\u00e9 profite \u00e0 la Russie, qui tire toujours des revenus importants de ses exportations.<\/p>\n<p>Le pr\u00e9sident Zelensky a d\u2019ailleurs r\u00e9it\u00e9r\u00e9 son appel \u00e0 durcir les sanctions, en abaissant notamment le plafond des prix du brut russe.<\/p>\n<p>Au-del\u00e0 des questions \u00e9nerg\u00e9tiques, l\u2019Ukraine redoute de devenir un dossier \u00e0 <a href=\"https:\/\/nv.ua\/ukr\/opinion\/ataka-izrajilyu-na-iran-yaki-vigodi-otrimuye-rosiya-u-viyni-proti-ukrajini-50521874.html\" rel=\"nofollow noopener\" target=\"_blank\" data-ylk=\"slk:\u00ab la p\u00e9riph\u00e9rie de l\u2019agenda international \u00bb, selon l\u2019expression d\u2019un expert ukrainien;elm:context_link;itc:0;sec:content-canvas\" class=\"link \"><strong>\u00ab la p\u00e9riph\u00e9rie de l\u2019agenda international \u00bb, selon l\u2019expression d\u2019un expert ukrainien<\/strong><\/a>. Voire que Washington privil\u00e9gie l\u2019aide militaire \u00e0 son alli\u00e9 isra\u00e9lien, plut\u00f4t qu\u2019\u00e0 l\u2019Ukraine.<\/p>\n<p>Enfin, Kiev regarde avec inqui\u00e9tude les offres de service formul\u00e9es par la Russie, qui se pose en m\u00e9diatrice au Moyen-Orient. Si elle y parvient, ce qui est loin d\u2019\u00eatre acquis, la Russie pourrait ensuite demander des concessions sur d\u2019autres dossiers en \u00e9change, notamment sur l\u2019Ukraine.<\/p>\n<p>Reste une interrogation : la coop\u00e9ration en mati\u00e8re de d\u00e9fense entre Moscou et T\u00e9h\u00e9ran va-t-elle en p\u00e2tir du conflit qui commence ? Les transferts d\u2019armes devraient se tarir, mais pas les transferts de technologies ni les partages d\u2019exp\u00e9rience.<\/p>\n<p><a href=\"https:\/\/www.rfi.fr\/fr\/europe\/20250615-guerre-isra%C3%ABl-iran-l-ukraine-craint-d-%C3%AAtre-rel%C3%A9gu%C3%A9e-au-second-plan\" rel=\"nofollow noopener\" target=\"_blank\" data-ylk=\"slk:Lire la suite sur RFI;elm:context_link;itc:0;sec:content-canvas\" class=\"link \">Lire la suite sur RFI<\/a><\/p>\n","protected":false},"excerpt":{"rendered":"En Ukraine, alors que l\u2019arm\u00e9e russe continue de progresser sur le front, les autorit\u00e9s scrutent avec inqui\u00e9tude le&hellip;\n","protected":false},"author":2,"featured_media":179753,"comment_status":"","ping_status":"","sticky":false,"template":"","format":"standard","meta":{"footnotes":""},"categories":[1590],"tags":[11,1777,674,11229,5493,31670,12,31671,220],"class_list":{"0":"post-179752","1":"post","2":"type-post","3":"status-publish","4":"format-standard","5":"has-post-thumbnail","7":"category-ukraine","8":"tag-actualites","9":"tag-eu","10":"tag-europe","11":"tag-kiev","12":"tag-lukraine","13":"tag-le-prix-du-petrole","14":"tag-news","15":"tag-transferts-de-technologies","16":"tag-ukraine"},"share_on_mastodon":{"url":"https:\/\/pubeurope.com\/@fr\/114690643943523240","error":""},"_links":{"self":[{"href":"https:\/\/www.europesays.com\/fr\/wp-json\/wp\/v2\/posts\/179752","targetHints":{"allow":["GET"]}}],"collection":[{"href":"https:\/\/www.europesays.com\/fr\/wp-json\/wp\/v2\/posts"}],"about":[{"href":"https:\/\/www.europesays.com\/fr\/wp-json\/wp\/v2\/types\/post"}],"author":[{"embeddable":true,"href":"https:\/\/www.europesays.com\/fr\/wp-json\/wp\/v2\/users\/2"}],"replies":[{"embeddable":true,"href":"https:\/\/www.europesays.com\/fr\/wp-json\/wp\/v2\/comments?post=179752"}],"version-history":[{"count":0,"href":"https:\/\/www.europesays.com\/fr\/wp-json\/wp\/v2\/posts\/179752\/revisions"}],"wp:featuredmedia":[{"embeddable":true,"href":"https:\/\/www.europesays.com\/fr\/wp-json\/wp\/v2\/media\/179753"}],"wp:attachment":[{"href":"https:\/\/www.europesays.com\/fr\/wp-json\/wp\/v2\/media?parent=179752"}],"wp:term":[{"taxonomy":"category","embeddable":true,"href":"https:\/\/www.europesays.com\/fr\/wp-json\/wp\/v2\/categories?post=179752"},{"taxonomy":"post_tag","embeddable":true,"href":"https:\/\/www.europesays.com\/fr\/wp-json\/wp\/v2\/tags?post=179752"}],"curies":[{"name":"wp","href":"https:\/\/api.w.org\/{rel}","templated":true}]}}