{"id":179756,"date":"2025-06-16T02:19:32","date_gmt":"2025-06-16T02:19:32","guid":{"rendered":"https:\/\/www.europesays.com\/fr\/179756\/"},"modified":"2025-06-16T02:19:32","modified_gmt":"2025-06-16T02:19:32","slug":"entretien-avec-keir-starmer-premier-ministre-du-royaume-uni","status":"publish","type":"post","link":"https:\/\/www.europesays.com\/fr\/179756\/","title":{"rendered":"Entretien avec Keir Starmer, Premier ministre du Royaume-Uni."},"content":{"rendered":"<p>Le Pr\u00e9sident de la R\u00e9publique s\u2019est entretenu ce jeudi 9 janvier 2025 \u00e0 Chequers avec M. Keir Starmer, Premier ministre du Royaume-Uni.\u00a0<\/p>\n<p>Cette nouvelle\u00a0rencontre bilat\u00e9rale a \u00e9t\u00e9 centr\u00e9e sur les enjeux internationaux, l&rsquo;Ukraine et le Proche et Moyen Orient, sur le renforcement de la relation entre le Royaume-Uni et l&rsquo;union europ\u00e9enne, ainsi que sur\u00a0l\u2019approfondissement des relations qui unissent la France et le Royaume-Uni en vue du prochain sommet franco-britannique pr\u00e9vu d&rsquo;ici l&rsquo;\u00e9t\u00e9.<\/p>\n<p>La situation en Ukraine a \u00e9t\u00e9 au c\u0153ur des discussions. Les deux dirigeants ont r\u00e9affirm\u00e9 leur volont\u00e9 de se coordonner \u00e9troitement afin de soutenir l\u2019Ukraine aussi longtemps que n\u00e9cessaire. Ils ont soulign\u00e9 l\u2019importance de continuer \u00e0 fournir les \u00e9quipements n\u00e9cessaires \u00e0 la d\u00e9fense du territoire ukrainien, et de garantir un soutien financier durable \u00e0 l\u2019Ukraine au-del\u00e0 de 2025. Ils ont enfin insist\u00e9 sur l&rsquo;importance d&rsquo;offrir des garanties de s\u00e9curit\u00e9 \u00e0 l&rsquo;Ukraine pour qu&rsquo;elle soit pr\u00e9munie \u00e0 l&rsquo;avenir contre de nouvelles agressions.\u00a0<\/p>\n<p>Au plan bilat\u00e9ral, le prochain sommet franco-britannique devra\u00a0\u00eatre l\u2019occasion de moderniser le cadre de Lancaster House, et d\u2019approfondir les coop\u00e9rations en mati\u00e8re de d\u00e9fense,\u00a0de transition \u00e9nerg\u00e9tique, d\u2019intelligence artificielle, de migrations et d&rsquo;\u00e9changes culturels.<\/p>\n","protected":false},"excerpt":{"rendered":"Le Pr\u00e9sident de la R\u00e9publique s\u2019est entretenu ce jeudi 9 janvier 2025 \u00e0 Chequers avec M. Keir Starmer,&hellip;\n","protected":false},"author":2,"featured_media":179757,"comment_status":"","ping_status":"","sticky":false,"template":"","format":"standard","meta":{"footnotes":""},"categories":[1588],"tags":[11,13,1777,674,14,12,473,1853,1851,1850,1852],"class_list":{"0":"post-179756","1":"post","2":"type-post","3":"status-publish","4":"format-standard","5":"has-post-thumbnail","7":"category-royaume-uni","8":"tag-actualites","9":"tag-communique-de-presse","10":"tag-eu","11":"tag-europe","12":"tag-international","13":"tag-news","14":"tag-royaume-uni","15":"tag-royaume-uni-de-grande-bretagne-et-dirlande-du-nord","16":"tag-uk","17":"tag-united-kingdom","18":"tag-united-kingdom-of-great-britain-and-northern-ireland"},"share_on_mastodon":{"url":"https:\/\/pubeurope.com\/@fr\/114690651857637407","error":""},"_links":{"self":[{"href":"https:\/\/www.europesays.com\/fr\/wp-json\/wp\/v2\/posts\/179756","targetHints":{"allow":["GET"]}}],"collection":[{"href":"https:\/\/www.europesays.com\/fr\/wp-json\/wp\/v2\/posts"}],"about":[{"href":"https:\/\/www.europesays.com\/fr\/wp-json\/wp\/v2\/types\/post"}],"author":[{"embeddable":true,"href":"https:\/\/www.europesays.com\/fr\/wp-json\/wp\/v2\/users\/2"}],"replies":[{"embeddable":true,"href":"https:\/\/www.europesays.com\/fr\/wp-json\/wp\/v2\/comments?post=179756"}],"version-history":[{"count":0,"href":"https:\/\/www.europesays.com\/fr\/wp-json\/wp\/v2\/posts\/179756\/revisions"}],"wp:featuredmedia":[{"embeddable":true,"href":"https:\/\/www.europesays.com\/fr\/wp-json\/wp\/v2\/media\/179757"}],"wp:attachment":[{"href":"https:\/\/www.europesays.com\/fr\/wp-json\/wp\/v2\/media?parent=179756"}],"wp:term":[{"taxonomy":"category","embeddable":true,"href":"https:\/\/www.europesays.com\/fr\/wp-json\/wp\/v2\/categories?post=179756"},{"taxonomy":"post_tag","embeddable":true,"href":"https:\/\/www.europesays.com\/fr\/wp-json\/wp\/v2\/tags?post=179756"}],"curies":[{"name":"wp","href":"https:\/\/api.w.org\/{rel}","templated":true}]}}