{"id":179760,"date":"2025-06-16T02:21:16","date_gmt":"2025-06-16T02:21:16","guid":{"rendered":"https:\/\/www.europesays.com\/fr\/179760\/"},"modified":"2025-06-16T02:21:16","modified_gmt":"2025-06-16T02:21:16","slug":"depart-dune-marche-citoyenne-paris-bruxelles-pour-dire-leurope-doit-agir","status":"publish","type":"post","link":"https:\/\/www.europesays.com\/fr\/179760\/","title":{"rendered":"d\u00e9part d&rsquo;une marche citoyenne Paris-Bruxelles pour dire \u00ab\u00a0l&rsquo;Europe doit agir!\u00a0\u00bb"},"content":{"rendered":"<p>\u00ab\u00a0Nous voulons faire entendre la voix de la soci\u00e9t\u00e9 civile pour rappeler \u00e0 l&rsquo;Union europ\u00e9enne ses devoirs\u00a0\u00bb, notamment celui de \u00ab\u00a0d\u00e9fendre la d\u00e9mocratie et l&rsquo;\u00e9tat de droit\u00a0\u00bb et de \u00ab\u00a0faire respecter les d\u00e9cisions des cours internationales\u00a0\u00bb, a r\u00e9sum\u00e9 aupr\u00e8s de l&rsquo;AFP Nathalie Tehio, pr\u00e9sidente de la Ligue des droits de l&rsquo;Homme. <\/p>\n<p>L&rsquo;organisation est co-organistatrice de l&rsquo;initiative, lanc\u00e9e avant l&rsquo;escalade militaire entre Isra\u00ebl et l&rsquo;Iran, aux c\u00f4t\u00e9s notamment de la CGT et de la F\u00e9d\u00e9ration internationale pour les droits humains.<\/p>\n<p>L&rsquo;id\u00e9e est qu&rsquo;ainsi \u00ab\u00a0peut-\u00eatre s&rsquo;enclenche la fin de l&rsquo;impunit\u00e9 pour Isra\u00ebl\u00a0\u00bb en Cisjordanie occup\u00e9e et dans la bande de Gaza, ravag\u00e9e par plus de 20 mois de guerre d\u00e9clench\u00e9e par l&rsquo;attaque sanglante du Hamas le 7 octobre 2023 en Isra\u00ebl, ajoute Mme Tehio. <\/p>\n<p>Les marcheurs esp\u00e8rent qu&rsquo;une d\u00e9l\u00e9gation sera re\u00e7ue \u00e0 Bruxelles le 23 juin, date \u00e0 laquelle doit se tenir un conseil europ\u00e9en des ministres des Affaires \u00e9trang\u00e8res \u00ab\u00a0o\u00f9 justement la question de la suspension de l&rsquo;accord avec Isra\u00ebl peut \u00eatre d\u00e9cid\u00e9e\u00a0\u00bb, selon elle. <\/p>\n<p>\u00ab\u00a0Ce n&rsquo;est pas vrai qu&rsquo;on ne peut rien faire quand on est citoyen, citoyenne lambda comme moi. On peut ouvrir sa gueule, dire non, stop, et (&#8230;) dire aussi \u00e0 l&rsquo;Europe: + allez-y, faites respecter le droit+\u00a0\u00bb, a pour sa part comment\u00e9 Corinne Masiero avant le d\u00e9part, entour\u00e9e de dizaines de personnes venus les encourager. <\/p>\n<p>D&rsquo;autres personnalit\u00e9s du monde artistique ont apport\u00e9 leur soutien, ainsi que des ONG. <\/p>\n<p>Jean-Fran\u00e7ois Corty, pr\u00e9sident de M\u00e9decins du Monde, a ainsi d\u00e9plor\u00e9 que \u00ab\u00a0la faim, la soif soient instrumentalis\u00e9es comme une arme de guerre\u00a0\u00bb en \u00ab\u00a0rupture totale avec le droit international humanitaire\u00a0\u00bb.<\/p>\n<p>\u00ab\u00a0Tout est su sur Gaza, tout a \u00e9t\u00e9 dit, mais rien ne change. Et ce dont nous avons besoin aujourd&rsquo;hui\u00a0\u00bb, c&rsquo;est que \u00ab\u00a0les Etats europ\u00e9ens passent \u00e0 l&rsquo;action\u00a0\u00bb, a comment\u00e9 la pr\u00e9sidente de MSF France, Isabelle Defourny. <\/p>\n<p>\u00ab\u00a0Nos \u00e9quipes (\u00e0 Gaza, ndlr) ont re\u00e7u des dizaines et des dizaines de personnes bless\u00e9es par balles, certaines arrivant mortes \u00e0 l&rsquo;h\u00f4pital alors qu&rsquo;elles allaient chercher un peu de nourriture.\u00a0\u00bb \u00ab\u00a0Ce qui se dit, c&rsquo;est que l&rsquo;on peut obtenir un sac de farine\u00a0\u00bb et \u00ab\u00a0revenir avec un linceul de ces distributions, c&rsquo;est l&rsquo;horreur absolue\u00a0\u00bb. <\/p>\n<p>Rompant une tr\u00eave de deux mois, Isra\u00ebl a repris son offensive \u00e0 la mi-mars sur la bande de Gaza et intensifi\u00e9 ses op\u00e9rations militaires le 17 mai dans le but affich\u00e9 de lib\u00e9rer les derniers otages du 7-Octobre, prendre le contr\u00f4le de l&rsquo;ensemble du petit territoire et an\u00e9antir le Hamas.<\/p>\n","protected":false},"excerpt":{"rendered":"\u00ab\u00a0Nous voulons faire entendre la voix de la soci\u00e9t\u00e9 civile pour rappeler \u00e0 l&rsquo;Union europ\u00e9enne ses devoirs\u00a0\u00bb, notamment&hellip;\n","protected":false},"author":2,"featured_media":179761,"comment_status":"","ping_status":"","sticky":false,"template":"","format":"standard","meta":{"footnotes":""},"categories":[1586],"tags":[17,11,31673,3985,4440,1777,674,1011,27,329,665,2089,12,31674,471,25],"class_list":{"0":"post-179760","1":"post","2":"type-post","3":"status-publish","4":"format-standard","5":"has-post-thumbnail","7":"category-europe","8":"tag-17","9":"tag-actualites","10":"tag-citoyenne","11":"tag-depart","12":"tag-dune","13":"tag-eu","14":"tag-europe","15":"tag-fr","16":"tag-france","17":"tag-france-monde","18":"tag-gaza","19":"tag-marche","20":"tag-news","21":"tag-paris-bruxelles","22":"tag-pour","23":"tag-republique-francaise"},"share_on_mastodon":{"url":"https:\/\/pubeurope.com\/@fr\/114690659706392168","error":""},"_links":{"self":[{"href":"https:\/\/www.europesays.com\/fr\/wp-json\/wp\/v2\/posts\/179760","targetHints":{"allow":["GET"]}}],"collection":[{"href":"https:\/\/www.europesays.com\/fr\/wp-json\/wp\/v2\/posts"}],"about":[{"href":"https:\/\/www.europesays.com\/fr\/wp-json\/wp\/v2\/types\/post"}],"author":[{"embeddable":true,"href":"https:\/\/www.europesays.com\/fr\/wp-json\/wp\/v2\/users\/2"}],"replies":[{"embeddable":true,"href":"https:\/\/www.europesays.com\/fr\/wp-json\/wp\/v2\/comments?post=179760"}],"version-history":[{"count":0,"href":"https:\/\/www.europesays.com\/fr\/wp-json\/wp\/v2\/posts\/179760\/revisions"}],"wp:featuredmedia":[{"embeddable":true,"href":"https:\/\/www.europesays.com\/fr\/wp-json\/wp\/v2\/media\/179761"}],"wp:attachment":[{"href":"https:\/\/www.europesays.com\/fr\/wp-json\/wp\/v2\/media?parent=179760"}],"wp:term":[{"taxonomy":"category","embeddable":true,"href":"https:\/\/www.europesays.com\/fr\/wp-json\/wp\/v2\/categories?post=179760"},{"taxonomy":"post_tag","embeddable":true,"href":"https:\/\/www.europesays.com\/fr\/wp-json\/wp\/v2\/tags?post=179760"}],"curies":[{"name":"wp","href":"https:\/\/api.w.org\/{rel}","templated":true}]}}