{"id":179764,"date":"2025-06-16T02:23:10","date_gmt":"2025-06-16T02:23:10","guid":{"rendered":"https:\/\/www.europesays.com\/fr\/179764\/"},"modified":"2025-06-16T02:23:10","modified_gmt":"2025-06-16T02:23:10","slug":"nous-nous-tenons-prets-a-contribuer-a-la-protection-de-letat-hebreu-indique-jean-noel-barrot","status":"publish","type":"post","link":"https:\/\/www.europesays.com\/fr\/179764\/","title":{"rendered":"\u00ab\u00a0Nous nous tenons pr\u00eats \u00e0 contribuer \u00e0 la protection\u00a0\u00bb de l\u2019\u00c9tat h\u00e9breu, indique Jean-No\u00ebl Barrot"},"content":{"rendered":"<p>Invit\u00e9 dimanche du \u00ab\u00a0Grand Jury RTL-Le Figaro-M6-Public S\u00e9nat\u00a0\u00bb, le ministre des Affaires \u00e9trang\u00e8res a annonc\u00e9 que la France n\u2019a pas \u00ab\u00a0\u00e0 ce stade\u00a0\u00bb mobilis\u00e9 ses moyens militaires pour d\u00e9fendre Isra\u00ebl dans sa guerre contre l\u2019Iran.<\/p>\n<p class=\"fig-paragraph\">La non-condamnation de la France vaut-elle soutien\u00a0? Quelques heures apr\u00e8s que l\u2019arm\u00e9e\u00a0<a href=\"http:\/\/www.lefigaro.fr\/international\/comment-israel-avait-depuis-longtemps-projete-de-neutraliser-le-programme-nucleaire-iranien-20250613\" data-fig-type=\"Article\" data-gtm-custom-categorie=\"navigation\" data-gtm-custom-action=\"crossclick\" data-gtm-custom-label=\"Contextuel\" data-gtm-event=\"customEventSPE\" data-fig-domain=\"LEFIGARO\" target=\"_blank\" rel=\"noopener\">isra\u00e9lienne\u00a0<\/a>a lanc\u00e9, dans la nuit de jeudi \u00e0 vendredi, une s\u00e9rie de frappes sur l\u2019Iran, destin\u00e9es \u00e0 emp\u00eacher la R\u00e9publique islamique d\u2019acqu\u00e9rir la bombe atomique, ciblant des centaines de sites militaires et nucl\u00e9aires, la France a d\u00e9fendu par la voix d\u2019<a href=\"http:\/\/www.lefigaro.fr\/politique\/il-devrait-rester-sur-l-international-macron-du-maitre-des-horloges-au-president-a-contretemps-20250615\" data-fig-type=\"Article\" data-gtm-custom-categorie=\"navigation\" data-gtm-custom-action=\"crossclick\" data-gtm-custom-label=\"Contextuel\" data-gtm-event=\"customEventSPE\" data-fig-domain=\"LEFIGARO\" target=\"_blank\" rel=\"noopener\">Emmanuel Macron\u00a0<\/a>\u00ab\u00a0le droit d\u2019Isra\u00ebl \u00e0 se prot\u00e9ger\u00a0\u00bb. Face \u00e0 la \u00ab\u00a0marche vers l\u2019arme nucl\u00e9aire\u00a0\u00bb de T\u00e9h\u00e9ran, qui \u00ab\u00a0menace la r\u00e9gion, l\u2019Europe, et plus g\u00e9n\u00e9ralement la stabilit\u00e9 collective\u00a0\u00bb, le chef de l\u2019\u00c9tat a d\u00e9clar\u00e9 le 13\u00a0juin, lors d\u2019une conf\u00e9rence de presse \u00e0 l\u2019\u00c9lys\u00e9e, qu\u2019il refusait de \u00ab\u00a0vivre dans un monde o\u00f9 l\u2019Iran poss\u00e9derait la bombe atomique, car c\u2019est une menace existentielle\u00a0\u00bb, tout en saluant les \u00ab\u00a0effets\u00a0\u00bb des frappes isra\u00e9liennes sur les capacit\u00e9s nucl\u00e9aires de l\u2019Iran. Dans son viseur\u00a0: le r\u00e9gime des mollahs, qu\u2019il accuse de porter \u00ab\u00a0une lourde responsabilit\u00e9 dans la d\u00e9stabilisation\u00a0\u00bb du Moyen-Orient<\/p>\n<p class=\"fig-premium-paywall__infos\">\n        Cet article est r\u00e9serv\u00e9 aux abonn\u00e9s.        Il vous reste 78% \u00e0 d\u00e9couvrir.\n    <\/p>\n<p>                <img  data- alt=\"Le Figaro\" class=\"fig-img--complete fig-img\"\/><\/p>\n<p class=\"fig-premium-paywall__title\">Vente Flash<\/p>\n<p class=\"fig-premium-paywall__subtitle\">3,99\u20ac par mois pendant 12 mois. Sans engagement.<\/p>\n<p class=\"fig-premium-paywall__connect\">\n                D\u00e9j\u00e0 abonn\u00e9\u00a0?                <a class=\"fig-premium-paywall__connect-link\" href=\"https:\/\/connect.lefigaro.fr\/login?client=horizon_web&amp;type=main&amp;redirect_uri=https%3A%2F%2Fwww.lefigaro.fr%2Finternational%2Fisrael-iran-nous-nous-tenons-prets-a-contribuer-a-la-protection-de-l-etat-hebreu-indique-jean-noel-barrot-20250615\" data-js-gtm=\"{&quot;customCategorie&quot;: &quot;conversion&quot;, &quot;customAction&quot;: &quot;before_Landing_Connexion_paywall_auto&quot;, &quot;customLabel&quot;: &quot;bGVmaWdhcm8uZnJfXzFmMDQ5ZDFmLWVlYWQtNjVkOC05YjMwLWYzYzU4OTJhMDBkZl9fQXJ0aWNsZQ==_Isra\u00ebl-Iran\u00a0: \u00ab\u00a0Nous nous tenons pr\u00eats \u00e0 contribuer \u00e0 la protection\u00a0\u00bb de l\u2019\u00c9tat h\u00e9breu, indique Jean-No\u00ebl Barrot_1000&quot;, &quot;customIDSPE&quot;: &quot;bGVmaWdhcm8uZnJfXzFmMDQ5ZDFmLWVlYWQtNjVkOC05YjMwLWYzYzU4OTJhMDBkZl9fQXJ0aWNsZQ==&quot;, &quot;event&quot;: &quot;customEventSPE&quot;}\" target=\"_blank\" rel=\"noopener\"><br \/>\n                    Connectez-vous<br \/>\n                <\/a>\n            <\/p>\n","protected":false},"excerpt":{"rendered":"Invit\u00e9 dimanche du \u00ab\u00a0Grand Jury RTL-Le Figaro-M6-Public S\u00e9nat\u00a0\u00bb, le ministre des Affaires \u00e9trang\u00e8res a annonc\u00e9 que la France&hellip;\n","protected":false},"author":2,"featured_media":179765,"comment_status":"","ping_status":"","sticky":false,"template":"","format":"standard","meta":{"footnotes":""},"categories":[2],"tags":[259,11,260,1011,27,14,3019,664,261,12,262,2462,25],"class_list":{"0":"post-179764","1":"post","2":"type-post","3":"status-publish","4":"format-standard","5":"has-post-thumbnail","7":"category-actualites","8":"tag-actualite-internationale","9":"tag-actualites","10":"tag-affaires-etrangeres","11":"tag-fr","12":"tag-france","13":"tag-international","14":"tag-iran","15":"tag-israel","16":"tag-ministere-des-affaires-etrangeres","17":"tag-news","18":"tag-politique-etrangere","19":"tag-quai-dorsay","20":"tag-republique-francaise"},"share_on_mastodon":{"url":"https:\/\/pubeurope.com\/@fr\/114690667540701494","error":""},"_links":{"self":[{"href":"https:\/\/www.europesays.com\/fr\/wp-json\/wp\/v2\/posts\/179764","targetHints":{"allow":["GET"]}}],"collection":[{"href":"https:\/\/www.europesays.com\/fr\/wp-json\/wp\/v2\/posts"}],"about":[{"href":"https:\/\/www.europesays.com\/fr\/wp-json\/wp\/v2\/types\/post"}],"author":[{"embeddable":true,"href":"https:\/\/www.europesays.com\/fr\/wp-json\/wp\/v2\/users\/2"}],"replies":[{"embeddable":true,"href":"https:\/\/www.europesays.com\/fr\/wp-json\/wp\/v2\/comments?post=179764"}],"version-history":[{"count":0,"href":"https:\/\/www.europesays.com\/fr\/wp-json\/wp\/v2\/posts\/179764\/revisions"}],"wp:featuredmedia":[{"embeddable":true,"href":"https:\/\/www.europesays.com\/fr\/wp-json\/wp\/v2\/media\/179765"}],"wp:attachment":[{"href":"https:\/\/www.europesays.com\/fr\/wp-json\/wp\/v2\/media?parent=179764"}],"wp:term":[{"taxonomy":"category","embeddable":true,"href":"https:\/\/www.europesays.com\/fr\/wp-json\/wp\/v2\/categories?post=179764"},{"taxonomy":"post_tag","embeddable":true,"href":"https:\/\/www.europesays.com\/fr\/wp-json\/wp\/v2\/tags?post=179764"}],"curies":[{"name":"wp","href":"https:\/\/api.w.org\/{rel}","templated":true}]}}