{"id":179795,"date":"2025-06-16T02:40:12","date_gmt":"2025-06-16T02:40:12","guid":{"rendered":"https:\/\/www.europesays.com\/fr\/179795\/"},"modified":"2025-06-16T02:40:12","modified_gmt":"2025-06-16T02:40:12","slug":"james-gunn-assure-que-la-suite-de-the-batman-avec-robert-pattinson-est-toujours-dactualite","status":"publish","type":"post","link":"https:\/\/www.europesays.com\/fr\/179795\/","title":{"rendered":"James Gunn assure que la suite de \u00ab\u00a0The Batman\u00a0\u00bb avec Robert Pattinson est toujours d\u2019actualit\u00e9"},"content":{"rendered":"<p>Malgr\u00e9 les nombreux reports et les inqui\u00e9tudes des fans, The Batman Part 2 reste bel et bien dans les tuyaux. James Gunn, qui dirige d\u00e9sormais <a href=\"https:\/\/www.20minutes.fr\/people\/4007243-20221026-james-gunn-devient-coresponsable-studios-dc-comics\" rel=\"nofollow noopener\" target=\"_blank\" class=\"color-ultramarine c-link\">l\u2019univers DC<\/a>, a tenu \u00e0 rassurer les spectateurs sur l\u2019avenir du film avec <a href=\"https:\/\/www.20minutes.fr\/people\/robert_pattinson\/\" class=\"color-ultramarine c-link\" target=\"_blank\" rel=\"noopener\">Robert Pattinson<\/a> lors d\u2019un entretien accord\u00e9 \u00e0 Entertainment Weekly. Le projet, initialement pr\u00e9vu plus t\u00f4t, sortira finalement en octobre\u00a02027.<\/p>\n<p>\u00ab\u00a0Ce que fait (le r\u00e9alisateur) Matt Reeves est toujours tr\u00e8s important, malgr\u00e9 toutes les histoires qui pr\u00e9tendent le contraire\u00a0\u00bb, a <a href=\"https:\/\/ew.com\/superman-new-man-of-steel-leads-dcu-of-tomorrow-cover-story-11751060\" rel=\"nofollow noopener\" target=\"_blank\" class=\"color-ultramarine c-link\">d\u00e9clar\u00e9<\/a> <a href=\"https:\/\/www.20minutes.fr\/people\/4043698-20230702-james-gunn-dezingue-evolution-films-super-heros\" rel=\"nofollow noopener\" target=\"_blank\" class=\"color-ultramarine c-link\">James Gunn<\/a>. Le dirigeant a \u00e9galement r\u00e9v\u00e9l\u00e9 qu\u2019il devait recevoir \u00ab\u00a0sous peu\u00a0\u00bb le script de cette suite tr\u00e8s attendue, ajoutant\u00a0: \u00ab\u00a0J\u2019ai h\u00e2te de le lire.\u00a0\u00bb<\/p>\n<p>Un univers en expansion<\/p>\n<p>Le <a href=\"https:\/\/www.20minutes.fr\/arts-stars\/cinema\/3245119-20220303-the-batman-pourquoi-batman-film-super-heros-detective\" rel=\"nofollow noopener\" target=\"_blank\" class=\"color-ultramarine c-link\">premier The Batman<\/a> de Matt Reeves avait marqu\u00e9 un tournant pour DC apr\u00e8s plusieurs \u00e9checs critiques. Le film, port\u00e9 par Robert Pattinson, a su s\u00e9duire par sa fra\u00eecheur et son approche plus sombre du Chevalier Noir. Matt Reeves envisage d\u2019ailleurs ces films comme une trilogie, laissant pr\u00e9sager un troisi\u00e8me volet si le deuxi\u00e8me rencontre le succ\u00e8s escompt\u00e9.<\/p>\n<p>En parall\u00e8le, plusieurs spin-off sont \u00e9galement pr\u00e9vus pour HBO Max, bien que leur contenu reste encore myst\u00e9rieux. L\u2019univers Batman de Matt Reeves semble donc avoir de beaux jours devant lui, James Gunn ayant assur\u00e9 que cette franchise continuerait malgr\u00e9 le reboot g\u00e9n\u00e9ral de DC op\u00e9r\u00e9 avec son arriv\u00e9e aux commandes.<\/p>\n","protected":false},"excerpt":{"rendered":"Malgr\u00e9 les nombreux reports et les inqui\u00e9tudes des fans, The Batman Part 2 reste bel et bien dans&hellip;\n","protected":false},"author":2,"featured_media":179796,"comment_status":"","ping_status":"","sticky":false,"template":"","format":"standard","meta":{"footnotes":""},"categories":[1354],"tags":[4781,650,11960,58,59,1346,1011,27,1360,973,22562,133],"class_list":{"0":"post-179795","1":"post","2":"type-post","3":"status-publish","4":"format-standard","5":"has-post-thumbnail","7":"category-films","8":"tag-batman","9":"tag-cinema","10":"tag-dc-comics","11":"tag-divertissement","12":"tag-entertainment","13":"tag-films","14":"tag-fr","15":"tag-france","16":"tag-movies","17":"tag-people","18":"tag-robert-pattinson","19":"tag-video"},"share_on_mastodon":{"url":"https:\/\/pubeurope.com\/@fr\/114690734356377396","error":""},"_links":{"self":[{"href":"https:\/\/www.europesays.com\/fr\/wp-json\/wp\/v2\/posts\/179795","targetHints":{"allow":["GET"]}}],"collection":[{"href":"https:\/\/www.europesays.com\/fr\/wp-json\/wp\/v2\/posts"}],"about":[{"href":"https:\/\/www.europesays.com\/fr\/wp-json\/wp\/v2\/types\/post"}],"author":[{"embeddable":true,"href":"https:\/\/www.europesays.com\/fr\/wp-json\/wp\/v2\/users\/2"}],"replies":[{"embeddable":true,"href":"https:\/\/www.europesays.com\/fr\/wp-json\/wp\/v2\/comments?post=179795"}],"version-history":[{"count":0,"href":"https:\/\/www.europesays.com\/fr\/wp-json\/wp\/v2\/posts\/179795\/revisions"}],"wp:featuredmedia":[{"embeddable":true,"href":"https:\/\/www.europesays.com\/fr\/wp-json\/wp\/v2\/media\/179796"}],"wp:attachment":[{"href":"https:\/\/www.europesays.com\/fr\/wp-json\/wp\/v2\/media?parent=179795"}],"wp:term":[{"taxonomy":"category","embeddable":true,"href":"https:\/\/www.europesays.com\/fr\/wp-json\/wp\/v2\/categories?post=179795"},{"taxonomy":"post_tag","embeddable":true,"href":"https:\/\/www.europesays.com\/fr\/wp-json\/wp\/v2\/tags?post=179795"}],"curies":[{"name":"wp","href":"https:\/\/api.w.org\/{rel}","templated":true}]}}