{"id":179803,"date":"2025-06-16T02:45:14","date_gmt":"2025-06-16T02:45:14","guid":{"rendered":"https:\/\/www.europesays.com\/fr\/179803\/"},"modified":"2025-06-16T02:45:14","modified_gmt":"2025-06-16T02:45:14","slug":"pourquoi-la-menace-de-fermeture-du-detroit-dormuz-affole-les-marches-petroliers","status":"publish","type":"post","link":"https:\/\/www.europesays.com\/fr\/179803\/","title":{"rendered":"Pourquoi la menace de fermeture du d\u00e9troit d&rsquo;Ormuz affole les march\u00e9s p\u00e9troliers"},"content":{"rendered":"<p>Depuis <a class=\"link \" href=\"https:\/\/www.lepoint.fr\/monde\/l-iran-riposte-et-lance-une-salve-de-missiles-sur-israel-13-06-2025-2591968_24.php\" rel=\"nofollow noopener\" target=\"_blank\" data-ylk=\"slk:l&#039;attaque lanc\u00e9e vendredi par Isra\u00ebl et les ripostes de T\u00e9h\u00e9ran;elm:context_link;itc:0;sec:content-canvas\">l&rsquo;attaque lanc\u00e9e vendredi par Isra\u00ebl et les ripostes de T\u00e9h\u00e9ran<\/a>, le march\u00e9 p\u00e9trolier est en \u00e9bullition. Les cours du p\u00e9trole se sont envol\u00e9s vendredi de quelque 12\u00a0%, les investisseurs craignant des perturbations sur les approvisionnements d&rsquo;or noir. D&rsquo;autant que l&rsquo;Iran laisse planer la menace d&rsquo;un blocage du d\u00e9troit d&rsquo;Ormuz.\u00a0Situ\u00e9 au sud de l&rsquo;Iran et au nord des \u00c9mirats arabes unis, le d\u00e9troit voit passer 20\u00a0% des flux p\u00e9troliers mondiaux.<\/p>\n<p>Sa fermeture \u00ab\u00a0est \u00e0 l&rsquo;\u00e9tude\u00a0\u00bb et \u00ab\u00a0l&rsquo;Iran prendra la meilleure d\u00e9cision avec d\u00e9termination\u00a0\u00bb, selon les d\u00e9clarations du d\u00e9put\u00e9 iranien Sardar Esmail Kowsari. \u00ab\u00a0S&rsquo;ils finissent par fermer le d\u00e9troit d&rsquo;Ormuz, cela pourrait avoir un effet assez d\u00e9sastreux sur les march\u00e9s mondiaux\u00a0\u00bb, a d\u00e9clar\u00e9 Elias Haddad, strat\u00e9giste \u00e0 Brown Brothers Harriman, \u00e0 Reuters.<\/p>\n<p><img decoding=\"async\" class=\"caas-img caas-lazy has-preview\" alt=\" - Credit:  \" src=\"https:\/\/www.europesays.com\/fr\/wp-content\/uploads\/2025\/06\/47c49a69b604ca0595a1aaf8be31255e.jpeg\"\/><\/p>\n<p> &#8211; Credit: <\/p>\n<p>Cette route maritime strat\u00e9gique est plac\u00e9e \u00e0 1\u00a0000 kilom\u00e8tres de T\u00e9h\u00e9ran et m\u00eame sans son blocage complet, le conflit pourrait perturber l&rsquo;\u00e9conomie mondiale. \u00ab\u00a0La capacit\u00e9 de r\u00e9serve de l&rsquo;Opep [l&rsquo;Organisation des pays exportateurs de p\u00e9trole, NDLR] n&rsquo;aiderait pas le march\u00e9 dans ce cas, \u00e9tant donn\u00e9 que la majeure partie de cette capacit\u00e9 se trouve dans le golfe Persique\u00a0\u00bb pr\u00e9viennent des analystes chez ING. Car depuis ce golfe, le p\u00e9trole doit passer par le d\u00e9troit d&rsquo;Ormuz pour ensuite \u00eatre distribu\u00e9 dans le monde.<\/p>\n<p>\u00ab\u00a0Il faut se pr\u00e9parer\u00a0\u00bb, dit Emmanuel Macron<\/p>\n<p>La menace est tr\u00e8s s\u00e9rieuse. \u00ab\u00a0Il est tr\u00e8s clair qu&rsquo;en fonction de l&rsquo;\u00e9volution de la situation, l&rsquo;\u00e9conomie m [&#8230;] <a href=\"https:\/\/www.lepoint.fr\/monde\/pourquoi-la-menace-de-fermeture-du-detroit-d-ormuz-affole-les-marches-petroliers-15-06-2025-2592056_24.php\" rel=\"nofollow noopener\" target=\"_blank\" data-ylk=\"slk:Lire la suite;elm:context_link;itc:0;sec:content-canvas\" class=\"link \">Lire la suite<\/a><\/p>\n","protected":false},"excerpt":{"rendered":"Depuis l&rsquo;attaque lanc\u00e9e vendredi par Isra\u00ebl et les ripostes de T\u00e9h\u00e9ran, le march\u00e9 p\u00e9trolier est en \u00e9bullition. Les&hellip;\n","protected":false},"author":2,"featured_media":179804,"comment_status":"","ping_status":"","sticky":false,"template":"","format":"standard","meta":{"footnotes":""},"categories":[6],"tags":[35,31675,33,34,31677,7714,1011,27,27355,31676],"class_list":{"0":"post-179803","1":"post","2":"type-post","3":"status-publish","4":"format-standard","5":"has-post-thumbnail","7":"category-economie","8":"tag-business","9":"tag-cours-du-petrole","10":"tag-economie","11":"tag-economy","12":"tag-elias-haddad","13":"tag-emirats-arabes-unis","14":"tag-fr","15":"tag-france","16":"tag-le-detroit","17":"tag-marches-mondiaux"},"share_on_mastodon":{"url":"https:\/\/pubeurope.com\/@fr\/114690754285430771","error":""},"_links":{"self":[{"href":"https:\/\/www.europesays.com\/fr\/wp-json\/wp\/v2\/posts\/179803","targetHints":{"allow":["GET"]}}],"collection":[{"href":"https:\/\/www.europesays.com\/fr\/wp-json\/wp\/v2\/posts"}],"about":[{"href":"https:\/\/www.europesays.com\/fr\/wp-json\/wp\/v2\/types\/post"}],"author":[{"embeddable":true,"href":"https:\/\/www.europesays.com\/fr\/wp-json\/wp\/v2\/users\/2"}],"replies":[{"embeddable":true,"href":"https:\/\/www.europesays.com\/fr\/wp-json\/wp\/v2\/comments?post=179803"}],"version-history":[{"count":0,"href":"https:\/\/www.europesays.com\/fr\/wp-json\/wp\/v2\/posts\/179803\/revisions"}],"wp:featuredmedia":[{"embeddable":true,"href":"https:\/\/www.europesays.com\/fr\/wp-json\/wp\/v2\/media\/179804"}],"wp:attachment":[{"href":"https:\/\/www.europesays.com\/fr\/wp-json\/wp\/v2\/media?parent=179803"}],"wp:term":[{"taxonomy":"category","embeddable":true,"href":"https:\/\/www.europesays.com\/fr\/wp-json\/wp\/v2\/categories?post=179803"},{"taxonomy":"post_tag","embeddable":true,"href":"https:\/\/www.europesays.com\/fr\/wp-json\/wp\/v2\/tags?post=179803"}],"curies":[{"name":"wp","href":"https:\/\/api.w.org\/{rel}","templated":true}]}}