{"id":179805,"date":"2025-06-16T02:46:08","date_gmt":"2025-06-16T02:46:08","guid":{"rendered":"https:\/\/www.europesays.com\/fr\/179805\/"},"modified":"2025-06-16T02:46:08","modified_gmt":"2025-06-16T02:46:08","slug":"trump-stoppe-israel-sur-lelimination-du-guide-supreme-iranien","status":"publish","type":"post","link":"https:\/\/www.europesays.com\/fr\/179805\/","title":{"rendered":"Trump stoppe Isra\u00ebl sur l\u2019\u00e9limination du guide supr\u00eame iranien"},"content":{"rendered":"<p>Alors que le conflit entre <a href=\"https:\/\/www.20minutes.fr\/monde\/israel\/\" target=\"_blank\" class=\"color-ultramarine c-link\" rel=\"noopener\">Isra\u00ebl<\/a> et l\u2019<a href=\"https:\/\/www.20minutes.fr\/monde\/iran\/\" target=\"_blank\" class=\"color-ultramarine c-link\" rel=\"noopener\">Iran<\/a> se poursuit, Donald Trump a voulu emp\u00eacher le premier ministre <a href=\"https:\/\/www.20minutes.fr\/dossier\/benyamin_netanyahou\" target=\"_blank\" class=\"color-ultramarine c-link\" rel=\"noopener\">Benyamin Netanyahou<\/a> d\u2019aller trop loin dans ses attaques contre le r\u00e9gime en place \u00e0 T\u00e9h\u00e9ran. Le pr\u00e9sident am\u00e9ricain s\u2019est en effet oppos\u00e9 \u00e0 un plan isra\u00e9lien visant \u00e0 \u00e9liminer le guide supr\u00eame iranien, l\u2019ayatollah Ali Khamenei.<\/p>\n<p>\u00ab\u00a0Nous avons d\u00e9couvert que les Isra\u00e9liens projetaient de cibler le guide supr\u00eame iranien. Le <a href=\"https:\/\/www.20minutes.fr\/dossier\/donald_trump\" target=\"_blank\" class=\"color-ultramarine c-link\" rel=\"noopener\">pr\u00e9sident Trump<\/a> \u00e9tait contre et nous leur avons dit de ne pas le faire\u00a0\u00bb, a d\u00e9clar\u00e9 dimanche un responsable am\u00e9ricain, sous couvert d\u2019anonymat.<\/p>\n<p>Selon Trump, un accord va \u00eatre trouv\u00e9<\/p>\n<p>Sur son r\u00e9seau Truth Social, le locataire de la Maison-Blanche s\u2019est par ailleurs montr\u00e9 plut\u00f4t optimiste dimanche matin. \u00ab\u00a0L\u2019Iran et Isra\u00ebl devraient trouver un accord, et ils vont trouver un accord\u00a0\u00bb, a-t-il \u00e9crit, ajoutant que \u00ab\u00a0de nombreux appels et rencontres ont lieu en ce moment\u00a0\u00bb.<\/p>\n<\/p>\n<p>Et en fin de journ\u00e9e, avant son d\u00e9part pour le G7 au Canada, Donald Trump a renouvel\u00e9 son appel aux deux pays. \u00ab\u00a0Je pense qu\u2019il est temps de conclure un accord et nous verrons ce qui se passera. Parfois, ils doivent se battre, mais nous verrons ce qui se passera. Je pense qu\u2019il y a de bonnes chances qu\u2019il y ait un accord\u00a0\u00bb, a-t-il d\u00e9clar\u00e9 sur le seuil de la Maison-Blanche avant d\u2019embarquer dans son h\u00e9licopt\u00e8re Marine One.<\/p>\n<p>Washington mise sur Poutine<\/p>\n<p>Auparavant, le m\u00eame jour, Donald Trump s\u2019\u00e9tait dit \u00ab\u00a0ouvert\u00a0\u00bb \u00e0 ce que le pr\u00e9sident russe <a href=\"https:\/\/www.20minutes.fr\/monde\/vladimir_poutine\/\" target=\"_blank\" class=\"color-ultramarine c-link\" rel=\"noopener\">Vladimir Poutine<\/a> joue un r\u00f4le de m\u00e9diateur dans le conflit entre Isra\u00ebl et l\u2019Iran, dans lequel il \u00ab\u00a0est possible\u00a0\u00bb que les Etats-Unis s\u2019impliquent. Le pr\u00e9sident am\u00e9ricain affirme en avoir parl\u00e9 avec le ma\u00eetre du Kremlin lors d\u2019un \u00e9change t\u00e9l\u00e9phonique samedi, a rapport\u00e9 une journaliste d\u2019ABC News, Rachel Scott.<\/p>\n<p><a href=\"https:\/\/www.20minutes.fr\/monde\/conflit-proche-orient\/\" target=\"_blank\" class=\"c-link c-btn c-btn--primary\" rel=\"noopener\">Notre dossier sur les Conflits au Proche-Orient<\/a><\/p>\n<p>Alli\u00e9 d\u2019Isra\u00ebl, Donald Trump avait appel\u00e9 vendredi l\u2019Iran \u00e0 conclure un accord avec les Etats-Unis sur son programme nucl\u00e9aire alors qu\u2019un nouveau cycle de pourparlers indirects \u00e9tait pr\u00e9vu dimanche \u00e0 Oman. Mais Mascate a annonc\u00e9 samedi que ces discussions n\u2019auraient pas lieu, l\u2019Iran accusant Isra\u00ebl de les avoir sap\u00e9es avec ses frappes.<\/p>\n","protected":false},"excerpt":{"rendered":"Alors que le conflit entre Isra\u00ebl et l\u2019Iran se poursuit, Donald Trump a voulu emp\u00eacher le premier ministre&hellip;\n","protected":false},"author":2,"featured_media":179806,"comment_status":"","ping_status":"","sticky":false,"template":"","format":"standard","meta":{"footnotes":""},"categories":[5],"tags":[47,11,952,7613,3259,75,73,1011,27,14,3019,664,74,12,3020,10458,132,133,135,28],"class_list":{"0":"post-179805","1":"post","2":"type-post","3":"status-publish","4":"format-standard","5":"has-post-thumbnail","7":"category-international","8":"tag-actualite","9":"tag-actualites","10":"tag-benyamin-netanyahou","11":"tag-conflit-au-proche-orient","12":"tag-conflit-israelo-palestinien","13":"tag-donald-trump","14":"tag-etats-unis","15":"tag-fr","16":"tag-france","17":"tag-international","18":"tag-iran","19":"tag-israel","20":"tag-monde","21":"tag-news","22":"tag-nucleaire-iranien","23":"tag-programme-nucleaire-iranien","24":"tag-russie","25":"tag-video","26":"tag-vladimir-poutine","27":"tag-world"},"share_on_mastodon":{"url":"https:\/\/pubeurope.com\/@fr\/114690758067202221","error":""},"_links":{"self":[{"href":"https:\/\/www.europesays.com\/fr\/wp-json\/wp\/v2\/posts\/179805","targetHints":{"allow":["GET"]}}],"collection":[{"href":"https:\/\/www.europesays.com\/fr\/wp-json\/wp\/v2\/posts"}],"about":[{"href":"https:\/\/www.europesays.com\/fr\/wp-json\/wp\/v2\/types\/post"}],"author":[{"embeddable":true,"href":"https:\/\/www.europesays.com\/fr\/wp-json\/wp\/v2\/users\/2"}],"replies":[{"embeddable":true,"href":"https:\/\/www.europesays.com\/fr\/wp-json\/wp\/v2\/comments?post=179805"}],"version-history":[{"count":0,"href":"https:\/\/www.europesays.com\/fr\/wp-json\/wp\/v2\/posts\/179805\/revisions"}],"wp:featuredmedia":[{"embeddable":true,"href":"https:\/\/www.europesays.com\/fr\/wp-json\/wp\/v2\/media\/179806"}],"wp:attachment":[{"href":"https:\/\/www.europesays.com\/fr\/wp-json\/wp\/v2\/media?parent=179805"}],"wp:term":[{"taxonomy":"category","embeddable":true,"href":"https:\/\/www.europesays.com\/fr\/wp-json\/wp\/v2\/categories?post=179805"},{"taxonomy":"post_tag","embeddable":true,"href":"https:\/\/www.europesays.com\/fr\/wp-json\/wp\/v2\/tags?post=179805"}],"curies":[{"name":"wp","href":"https:\/\/api.w.org\/{rel}","templated":true}]}}