{"id":179807,"date":"2025-06-16T02:47:12","date_gmt":"2025-06-16T02:47:12","guid":{"rendered":"https:\/\/www.europesays.com\/fr\/179807\/"},"modified":"2025-06-16T02:47:12","modified_gmt":"2025-06-16T02:47:12","slug":"65-interventions-des-pompiers-depuis-cette-nuit-un-poulailler-industriel-devaste","status":"publish","type":"post","link":"https:\/\/www.europesays.com\/fr\/179807\/","title":{"rendered":"65 interventions des pompiers depuis cette nuit, un poulailler industriel d\u00e9vast\u00e9"},"content":{"rendered":"<p>Alors que la C\u00f4te-d&rsquo;Or \u00e9tait <a href=\"https:\/\/www.bienpublic.com\/environnement\/2025\/06\/14\/la-cote-d-or-placee-en-vigilance-orange-pour-les-orages-ce-qu-il-faut-savoir\" target=\"_blank\" rel=\"noopener\">plac\u00e9e en alerte orange pour des orages<\/a>\u00a0hier \u00e0 partir de 20 heures par M\u00e9t\u00e9o France, il a fallu attendre le milieu de la nuit pour que les intemp\u00e9ries frappent le d\u00e9partement.<\/p>\n<p>D\u00e8s 1 h 30, les sapeurs-pompiers de C\u00f4te-d&rsquo;Or ont multipli\u00e9 les interventions, notamment dans le nord du d\u00e9partement, o\u00f9 de nombreux d\u00e9g\u00e2ts ont \u00e9t\u00e9 constat\u00e9s au niveau de toitures.<\/p>\n<p>Des secours convergent vers le Ch\u00e2tillonnais<\/p>\n<p>Une quinzaine d&rsquo;interventions \u00e9taient ainsi en cours aux alentours de 4 h 45. Les communes de Gevrolles, Obtr\u00e9e et Chaumont-le-Bois ont \u00e9t\u00e9 particuli\u00e8rement touch\u00e9es. A Chaumont-le-Bois, un poulailler industriel a \u00e9t\u00e9 d\u00e9vast\u00e9. Selon l&rsquo;exploitant, \u00ab\u00a0les poussins ne pourront pas \u00eatre sauv\u00e9s\u00a0\u00bb apr\u00e8s cette \u00e9pisode climatique violent.<\/p>\n<p>Ce contenu est bloqu\u00e9 car vous n&rsquo;avez pas accept\u00e9 les cookies et autres traceurs.<\/p>\n<p>En cliquant sur \u00ab J\u2019accepte \u00bb, les cookies et autres traceurs seront d\u00e9pos\u00e9s et vous pourrez visualiser les contenus  (<a href=\"\" class=\"consentModule_policy\" target=\"_blank\" title=\"Consulter la politique de protection des donn\u00e9es du fournisseur\">plus d&rsquo;informations<\/a>).<\/p>\n<p>En cliquant sur \u00ab J\u2019accepte tous les cookies \u00bb, vous autorisez des d\u00e9p\u00f4ts de cookies et autres traceurs pour le stockage de vos donn\u00e9es sur nos sites et applications \u00e0 des fins de personnalisation et de ciblage publicitaire.<\/p>\n<p class=\"consentModule_secondaryText\">Vous gardez la possibilit\u00e9 de retirer votre consentement \u00e0 tout moment en consultant notre <a href=\"https:\/\/www.bienpublic.com\/protection-des-donnees\" target=\"_blank\" title=\"Consulter notre politique de protection des donn\u00e9es\" rel=\"noopener\">politique de protection des donn\u00e9es<\/a>. <br \/>&#13;<br \/>\n            <a href=\"https:\/\/www.bienpublic.com\/environnement\/2025\/06\/15\/javascript:Didomi.notice.show()\" class=\"consentModule_cmp\" target=\"_blank\" rel=\"noopener\">G\u00e9rer mes choix<\/a>&#13;\n        <\/p>\n<p>&#13;<br \/>\n                        J&rsquo;accepte&#13;<br \/>\n            J&rsquo;accepte tous les cookies&#13;\n        <\/p>\n<p>  &#13;<br \/>\n      <a href=\"https:\/\/cdn-s-www.bienpublic.com\/images\/76601abd-9b25-4720-8350-8b0cc9847172\/NW_raw\/des-grelons-a-mussy-sur-seine-photo-cyndia-bessot-quillere-1749976089.jpg\" title=\"Des gr\u00ealons \u00e0 Mussy-sur-Seine. Photo Cyndia Bessot Quiller\u00e9\" class=\"chocolat-image GA-tracking\" data-ga_type=\"click\" data-ga_category=\"D\u00e9tail\" data-ga_action=\"zoomer\" data-ga_label=\"agrandir image\" target=\"_blank\" rel=\"noopener\">&#13;<br \/>\n          <img loading=\"lazy\" decoding=\"async\" src=\"https:\/\/www.europesays.com\/fr\/wp-content\/uploads\/2025\/06\/des-grelons-a-mussy-sur-seine-photo-cyndia-bessot-quillere-1749976089.jpg\" data-mobile=\"NW_listC_M|1749976089\" data-base=\"NW_listC|1749976089\" alt=\"Des gr\u00ealons \u00e0 Mussy-sur-Seine. Photo Cyndia Bessot Quiller\u00e9\"\/>&#13;<br \/>\n      <\/a>&#13;<\/p>\n<p>Des gr\u00ealons \u00e0 Mussy-sur-Seine. Photo Cyndia Bessot Quiller\u00e9<\/p>\n<p>&#13;<\/p>\n<p>Au m\u00eame moment, des secours convergeaient vers le Centre d&rsquo;incendie et de secours (CIS) de Ch\u00e2tillon-sur-Seine, en pr\u00e9vision d&rsquo;une recrudescence des demandes de secours au lever du jour. Le niveau des pr\u00e9cipitations a \u00e9t\u00e9, il faut le dire, assez \u00e9lev\u00e9 dans le nord de la C\u00f4te-d&rsquo;Or. \u00c0 Vix, 31 mm de pluie sont tomb\u00e9s dans la nuit. Et des gr\u00ealons parfois \u00e9normes ont accompagn\u00e9 le passage des orages.<\/p>\n<p>  Neuf op\u00e9rations encore en cours \u00e0 11 heures<\/p>\n<p>Les op\u00e9rations se poursuivent encore \u00e0 11 heures ce matin. Il s&rsquo;agit principalement de protection de biens \u00e0 ce stade. Les pompiers du CIS de Ch\u00e2tillon-sur-Seine sont sur place. \u00c0 Obtr\u00e9e, une quinzaine d&rsquo;habitations et de toitures ont \u00e9t\u00e9 impact\u00e9es par les orages et les rafales de vent. Il y a eu des d\u00e9g\u00e2ts mat\u00e9riels mais pas de bless\u00e9s.<\/p>\n<p>Au total, \u00e0 17 h 30, 65\u00a0interventions ont \u00e9t\u00e9 comptabilis\u00e9es.\u00a0<\/p>\n<p>  &#13;<br \/>\n      <a href=\"https:\/\/cdn-s-www.bienpublic.com\/images\/e92d46d8-5b96-4822-b63b-e4a8ac06960c\/NW_raw\/photo-jamila-chafii-1749985224.jpg\" title=\"Photo Jamila Chafii\" class=\"chocolat-image GA-tracking\" data-ga_type=\"click\" data-ga_category=\"D\u00e9tail\" data-ga_action=\"zoomer\" data-ga_label=\"agrandir image\" target=\"_blank\" rel=\"noopener\">&#13;<br \/>\n          <img loading=\"lazy\" decoding=\"async\" src=\"https:\/\/www.europesays.com\/fr\/wp-content\/uploads\/2025\/06\/photo-jamila-chafii-1749985224.jpg\" data-mobile=\"NW_listC_M|1749985224\" data-base=\"NW_listC|1749985224\" alt=\"Photo Jamila Chafii\"\/>&#13;<br \/>\n      <\/a>&#13;<br \/>\n              Photo Jamila Chafii&#13;<\/p>\n<p>  \u00c0 Gevrolles, de nombreux arbres arrach\u00e9s<\/p>\n<p>\u00c0 Gevrolles, un peu plus loin, on mesure les d\u00e9g\u00e2ts apr\u00e8s le passage de l&rsquo;orage. Ce sont surtout les rafales de vent qui ont arrach\u00e9 des morceaux de toiture. Chez Nolwenn Claudon, la maire, c&rsquo;est son trampoline qui a \u00e9t\u00e9 retrouv\u00e9 au petit matin chez son voisin. \u00ab\u00a0Mais ce sont nos bois qui ont vraiment \u00e9t\u00e9 impact\u00e9s, il y a de nombreux arbres arrach\u00e9s, il va falloir \u00e9valuer les pertes pour la commune\u00a0\u00bb, ajoute l&rsquo;\u00e9lue.<\/p>\n<p>Apr\u00e8s la visite du sous-pr\u00e9fet, la commune, tout comme Chaumont-le-Bois, va d\u00e9poser un dossier pour faire reconna\u00eetre l&rsquo;\u00e9tat de catastrophe naturelle.<\/p>\n","protected":false},"excerpt":{"rendered":"Alors que la C\u00f4te-d&rsquo;Or \u00e9tait plac\u00e9e en alerte orange pour des orages\u00a0hier \u00e0 partir de 20 heures par&hellip;\n","protected":false},"author":2,"featured_media":179808,"comment_status":"","ping_status":"","sticky":false,"template":"","format":"standard","meta":{"footnotes":""},"categories":[4],"tags":[11,28567,31679,2931,11743,107,1011,27,31680,8423,12,31678,25],"class_list":{"0":"post-179807","1":"post","2":"type-post","3":"status-publish","4":"format-standard","5":"has-post-thumbnail","7":"category-france","8":"tag-actualites","9":"tag-chatillonnais","10":"tag-chaumont-le-bois","11":"tag-cote-dor","12":"tag-edition-haute-cote-dor","13":"tag-fil-info","14":"tag-fr","15":"tag-france","16":"tag-gevrolles","17":"tag-meteorologie-climat","18":"tag-news","19":"tag-obtree","20":"tag-republique-francaise"},"share_on_mastodon":{"url":"https:\/\/pubeurope.com\/@fr\/114690761972208725","error":""},"_links":{"self":[{"href":"https:\/\/www.europesays.com\/fr\/wp-json\/wp\/v2\/posts\/179807","targetHints":{"allow":["GET"]}}],"collection":[{"href":"https:\/\/www.europesays.com\/fr\/wp-json\/wp\/v2\/posts"}],"about":[{"href":"https:\/\/www.europesays.com\/fr\/wp-json\/wp\/v2\/types\/post"}],"author":[{"embeddable":true,"href":"https:\/\/www.europesays.com\/fr\/wp-json\/wp\/v2\/users\/2"}],"replies":[{"embeddable":true,"href":"https:\/\/www.europesays.com\/fr\/wp-json\/wp\/v2\/comments?post=179807"}],"version-history":[{"count":0,"href":"https:\/\/www.europesays.com\/fr\/wp-json\/wp\/v2\/posts\/179807\/revisions"}],"wp:featuredmedia":[{"embeddable":true,"href":"https:\/\/www.europesays.com\/fr\/wp-json\/wp\/v2\/media\/179808"}],"wp:attachment":[{"href":"https:\/\/www.europesays.com\/fr\/wp-json\/wp\/v2\/media?parent=179807"}],"wp:term":[{"taxonomy":"category","embeddable":true,"href":"https:\/\/www.europesays.com\/fr\/wp-json\/wp\/v2\/categories?post=179807"},{"taxonomy":"post_tag","embeddable":true,"href":"https:\/\/www.europesays.com\/fr\/wp-json\/wp\/v2\/tags?post=179807"}],"curies":[{"name":"wp","href":"https:\/\/api.w.org\/{rel}","templated":true}]}}