{"id":179809,"date":"2025-06-16T02:48:10","date_gmt":"2025-06-16T02:48:10","guid":{"rendered":"https:\/\/www.europesays.com\/fr\/179809\/"},"modified":"2025-06-16T02:48:10","modified_gmt":"2025-06-16T02:48:10","slug":"apres-lelimination-de-hauts-grades-iraniens-layatollah-ali-khamenei-sait-quil-nest-plus-intouchable","status":"publish","type":"post","link":"https:\/\/www.europesays.com\/fr\/179809\/","title":{"rendered":"Apr\u00e8s l\u2019\u00e9limination de hauts grad\u00e9s iraniens, l\u2019ayatollah Ali Khamenei sait qu\u2019il n\u2019est plus intouchable"},"content":{"rendered":"<p><strong>ANALYSE &#8211;<\/strong> Les principaux responsables politiques du pays se terrent dans l\u2019espoir de sauver un pouvoir qu\u2019Isra\u00ebl semble r\u00e9solu \u00e0 faire tomber.<\/p>\n<p class=\"fig-paragraph\">L\u2019histoire se r\u00e9p\u00e8te mais en s\u2019acc\u00e9l\u00e9rant dangereusement pour le num\u00e9ro un iranien. Le 13\u00a0juin 2009, alors que deux millions de protestataires marchaient dans la longue avenue de la R\u00e9volution, \u00e0 T\u00e9h\u00e9ran, semblant faire vaciller le pouvoir qui avait truqu\u00e9 l\u2019\u00e9lection pr\u00e9sidentielle, des h\u00e9licopt\u00e8res \u00e9taient pr\u00eats \u00e0 \u00e9vacuer l\u2019ayatollah\u00a0<a href=\"http:\/\/www.lefigaro.fr\/international\/le-jeu-risque-du-guide-supreme-ali-khamenei-dans-son-bras-de-fer-avec-benyamin-netanyahou-et-joe-biden-20241002\" data-fig-type=\"Article\" data-gtm-custom-categorie=\"navigation\" data-gtm-custom-action=\"crossclick\" data-gtm-custom-label=\"Contextuel\" data-gtm-event=\"customEventSPE\" data-fig-domain=\"LEFIGARO\" target=\"_blank\" rel=\"noopener\">Ali Khamenei<\/a>\u00a0hors du pays. Depuis les premi\u00e8res heures des attaques isra\u00e9liennes contre l\u2019Iran, dans la nuit de jeudi \u00e0 vendredi, le guide supr\u00eame a \u00e9t\u00e9, cette fois, mis \u00e0 l\u2019abri, loin de sa maison des quartiers cossus du nord de la capitale. \u00ab\u00a0Il ne marche plus \u00e0 la montagne comme il aime le faire\u00a0\u00bb, ironise un habitant de la capitale, joint au t\u00e9l\u00e9phone.<\/p>\n<p class=\"fig-paragraph\">Au moins une vingtaine de hauts cadres militaires, parmi lesquels des proches, comme le chef des gardiens de la r\u00e9volution, le g\u00e9n\u00e9ral Hossein Salami, ont d\u00e9j\u00e0 \u00e9t\u00e9 \u00e9limin\u00e9s par l\u2019\u00c9tat h\u00e9breu. Khamenei \u00ab\u00a0n\u2019est pas le seul responsable \u00e0 \u00eatre prot\u00e9g\u00e9\u00a0\u00bb, pr\u00e9cise une source au\u00a0<a href=\"http:\/\/www.lefigaro.fr\/vox\/monde\/gilles-kepel-apres-les-frappes-israeliennes-par-dela-le-moyen-orient-le-monde-entier-retient-son-souffle-20250614\" data-fig-type=\"Article\" data-gtm-custom-categorie=\"navigation\" data-gtm-custom-action=\"crossclick\" data-gtm-custom-label=\"Contextuel\" data-gtm-event=\"customEventSPE\" data-fig-domain=\"LEFIGARO\" target=\"_blank\" rel=\"noopener\">Moyen-Orient<\/a>, famili\u00e8re\u2026<\/p>\n<p class=\"fig-premium-paywall__infos\">\n        Cet article est r\u00e9serv\u00e9 aux abonn\u00e9s.        Il vous reste 85% \u00e0 d\u00e9couvrir.\n    <\/p>\n<p>                <img  data- alt=\"Le Figaro\" class=\"fig-img--complete fig-img\"\/><\/p>\n<p class=\"fig-premium-paywall__title\">Vente Flash<\/p>\n<p class=\"fig-premium-paywall__subtitle\">3,99\u20ac par mois pendant 12 mois. Sans engagement.<\/p>\n<p class=\"fig-premium-paywall__connect\">\n                D\u00e9j\u00e0 abonn\u00e9\u00a0?                <a class=\"fig-premium-paywall__connect-link\" href=\"https:\/\/connect.lefigaro.fr\/login?client=horizon_web&amp;type=main&amp;redirect_uri=https%3A%2F%2Fwww.lefigaro.fr%2Finternational%2Fapres-l-elimination-de-hauts-grades-iraniens-l-ayatollah-ali-khamenei-sait-qu-il-n-est-plus-intouchable-20250615\" data-js-gtm=\"{&quot;customCategorie&quot;: &quot;conversion&quot;, &quot;customAction&quot;: &quot;before_Landing_Connexion_paywall_auto&quot;, &quot;customLabel&quot;: &quot;bGVmaWdhcm8uZnJfXzFmMDQ5ZmEwLTkzYjEtNjdkYy05OGE1LTE3MTY5OTczNjA1Ml9fQXJ0aWNsZQ==_Apr\u00e8s l\u2019\u00e9limination de hauts grad\u00e9s iraniens, l\u2019ayatollah Ali Khamenei sait qu\u2019il n\u2019est plus intouchable_300&quot;, &quot;customIDSPE&quot;: &quot;bGVmaWdhcm8uZnJfXzFmMDQ5ZmEwLTkzYjEtNjdkYy05OGE1LTE3MTY5OTczNjA1Ml9fQXJ0aWNsZQ==&quot;, &quot;event&quot;: &quot;customEventSPE&quot;}\" target=\"_blank\" rel=\"noopener\"><br \/>\n                    Connectez-vous<br \/>\n                <\/a>\n            <\/p>\n","protected":false},"excerpt":{"rendered":"ANALYSE &#8211; Les principaux responsables politiques du pays se terrent dans l\u2019espoir de sauver un pouvoir qu\u2019Isra\u00ebl semble&hellip;\n","protected":false},"author":2,"featured_media":179810,"comment_status":"","ping_status":"","sticky":false,"template":"","format":"standard","meta":{"footnotes":""},"categories":[2],"tags":[259,11,260,1011,27,14,3019,261,12,262],"class_list":{"0":"post-179809","1":"post","2":"type-post","3":"status-publish","4":"format-standard","5":"has-post-thumbnail","7":"category-actualites","8":"tag-actualite-internationale","9":"tag-actualites","10":"tag-affaires-etrangeres","11":"tag-fr","12":"tag-france","13":"tag-international","14":"tag-iran","15":"tag-ministere-des-affaires-etrangeres","16":"tag-news","17":"tag-politique-etrangere"},"share_on_mastodon":{"url":"https:\/\/pubeurope.com\/@fr\/114690765850815039","error":""},"_links":{"self":[{"href":"https:\/\/www.europesays.com\/fr\/wp-json\/wp\/v2\/posts\/179809","targetHints":{"allow":["GET"]}}],"collection":[{"href":"https:\/\/www.europesays.com\/fr\/wp-json\/wp\/v2\/posts"}],"about":[{"href":"https:\/\/www.europesays.com\/fr\/wp-json\/wp\/v2\/types\/post"}],"author":[{"embeddable":true,"href":"https:\/\/www.europesays.com\/fr\/wp-json\/wp\/v2\/users\/2"}],"replies":[{"embeddable":true,"href":"https:\/\/www.europesays.com\/fr\/wp-json\/wp\/v2\/comments?post=179809"}],"version-history":[{"count":0,"href":"https:\/\/www.europesays.com\/fr\/wp-json\/wp\/v2\/posts\/179809\/revisions"}],"wp:featuredmedia":[{"embeddable":true,"href":"https:\/\/www.europesays.com\/fr\/wp-json\/wp\/v2\/media\/179810"}],"wp:attachment":[{"href":"https:\/\/www.europesays.com\/fr\/wp-json\/wp\/v2\/media?parent=179809"}],"wp:term":[{"taxonomy":"category","embeddable":true,"href":"https:\/\/www.europesays.com\/fr\/wp-json\/wp\/v2\/categories?post=179809"},{"taxonomy":"post_tag","embeddable":true,"href":"https:\/\/www.europesays.com\/fr\/wp-json\/wp\/v2\/tags?post=179809"}],"curies":[{"name":"wp","href":"https:\/\/api.w.org\/{rel}","templated":true}]}}