{"id":179811,"date":"2025-06-16T02:49:28","date_gmt":"2025-06-16T02:49:28","guid":{"rendered":"https:\/\/www.europesays.com\/fr\/179811\/"},"modified":"2025-06-16T02:49:28","modified_gmt":"2025-06-16T02:49:28","slug":"la-ricamarie-la-nouvelle-saison-du-centre-culturel-promet-un-parcours-multiple-et-joyeux","status":"publish","type":"post","link":"https:\/\/www.europesays.com\/fr\/179811\/","title":{"rendered":"La Ricamarie. La nouvelle saison du centre culturel promet \u00ab\u00a0un parcours multiple et joyeux\u00a0\u00bb"},"content":{"rendered":"<p>\u00ab\u00a0Ne cherchez pas de t\u00eate d\u2019affiche, ce n\u2019est pas le genre de la maison. Nous pr\u00e9f\u00e9rons promouvoir la pens\u00e9e plut\u00f4t que l\u2019image\u00a0\u00bb, pr\u00e9vient d\u2019embl\u00e9e Jean-Fran\u00e7ois Ruiz, le directeur du centre culturel. \u00c0 l\u2019aube de la nouvelle saison de la structure, il annonce la couleur, \u00e0 l\u2019image de son visuel &#8211; cr\u00e9\u00e9 par Fabien Cornut &#8211; qui p\u00e9tille comme une palette.<\/p>\n<p>Les genres s\u2019entrem\u00ealent<\/p>\n<p>Un parti pris pour ses 27 spectacles o\u00f9, souvent tous les genres s\u2019entrem\u00ealent, th\u00e9\u00e2tre, danse, cirque, musique, en majorit\u00e9 \u00e9crits par des auteurs contemporains. Tous, c\u2019est l\u2019habitude pour cette petite association culturelle, s\u2019affichent comme des espaces de questionnement, de remise en cause des certitudes, d\u2019\u00e9change autour de sujets de soci\u00e9t\u00e9. \u00ab\u00a0S\u2019ils sont tr\u00e8s pr\u00e9sents, ils sont souvent abord\u00e9s de mani\u00e8re l\u00e9g\u00e8re, confie Jean-Fran\u00e7ois Ruiz. On sent bien que l\u2019\u00e9poque appelle \u00e0 vivre moins de&#8230;<\/p>\n","protected":false},"excerpt":{"rendered":"\u00ab\u00a0Ne cherchez pas de t\u00eate d\u2019affiche, ce n\u2019est pas le genre de la maison. Nous pr\u00e9f\u00e9rons promouvoir la&hellip;\n","protected":false},"author":2,"featured_media":179812,"comment_status":"","ping_status":"","sticky":false,"template":"","format":"standard","meta":{"footnotes":""},"categories":[9653],"tags":[1111,11,2430,1687,7539,1777,674,1011,27,11324,11325,12,25,4001],"class_list":{"0":"post-179811","1":"post","2":"type-post","3":"status-publish","4":"format-standard","5":"has-post-thumbnail","7":"category-saint-etienne","8":"tag-actu","9":"tag-actualites","10":"tag-auvergne-rhone-alpes","11":"tag-culture-loisirs","12":"tag-edition-loire-sud","13":"tag-eu","14":"tag-europe","15":"tag-fr","16":"tag-france","17":"tag-la-ricamarie","18":"tag-la-ricamarie-ville","19":"tag-news","20":"tag-republique-francaise","21":"tag-saint-etienne"},"share_on_mastodon":{"url":"https:\/\/pubeurope.com\/@fr\/114690769780284506","error":""},"_links":{"self":[{"href":"https:\/\/www.europesays.com\/fr\/wp-json\/wp\/v2\/posts\/179811","targetHints":{"allow":["GET"]}}],"collection":[{"href":"https:\/\/www.europesays.com\/fr\/wp-json\/wp\/v2\/posts"}],"about":[{"href":"https:\/\/www.europesays.com\/fr\/wp-json\/wp\/v2\/types\/post"}],"author":[{"embeddable":true,"href":"https:\/\/www.europesays.com\/fr\/wp-json\/wp\/v2\/users\/2"}],"replies":[{"embeddable":true,"href":"https:\/\/www.europesays.com\/fr\/wp-json\/wp\/v2\/comments?post=179811"}],"version-history":[{"count":0,"href":"https:\/\/www.europesays.com\/fr\/wp-json\/wp\/v2\/posts\/179811\/revisions"}],"wp:featuredmedia":[{"embeddable":true,"href":"https:\/\/www.europesays.com\/fr\/wp-json\/wp\/v2\/media\/179812"}],"wp:attachment":[{"href":"https:\/\/www.europesays.com\/fr\/wp-json\/wp\/v2\/media?parent=179811"}],"wp:term":[{"taxonomy":"category","embeddable":true,"href":"https:\/\/www.europesays.com\/fr\/wp-json\/wp\/v2\/categories?post=179811"},{"taxonomy":"post_tag","embeddable":true,"href":"https:\/\/www.europesays.com\/fr\/wp-json\/wp\/v2\/tags?post=179811"}],"curies":[{"name":"wp","href":"https:\/\/api.w.org\/{rel}","templated":true}]}}