{"id":179818,"date":"2025-06-16T02:55:18","date_gmt":"2025-06-16T02:55:18","guid":{"rendered":"https:\/\/www.europesays.com\/fr\/179818\/"},"modified":"2025-06-16T02:55:18","modified_gmt":"2025-06-16T02:55:18","slug":"le-corps-dun-homme-tue-dune-balle-dans-le-coeur-decouvert-a-montpellier","status":"publish","type":"post","link":"https:\/\/www.europesays.com\/fr\/179818\/","title":{"rendered":"Le corps d&rsquo;un homme tu\u00e9 d&rsquo;une balle dans le coeur d\u00e9couvert \u00e0 Montpellier"},"content":{"rendered":"<p>Le corps sans vie d&rsquo;un homme jeune, tu\u00e9 par balles, a \u00e9t\u00e9 d\u00e9couvert dans la nuit de jeudi \u00e0 vendredi par un passant sur les berges du Lez, un endroit isol\u00e9 situ\u00e9 non loin de l&rsquo;H\u00f4tel de ville de Montpellier, a indiqu\u00e9 le parquet. \u00ab\u00a0Le corps pr\u00e9sentait une plaie par balle au niveau du c\u0153ur. La personne d\u00e9c\u00e9d\u00e9e \u00e9tait d\u00e9munie de tout objet permettant son identification\u00a0\u00bb, a pr\u00e9cis\u00e9 \u00e0 l&rsquo;AFP le procureur de la R\u00e9publique de Montpellier, Fabrice B\u00e9largent.<\/p>\n<p>Selon une source polici\u00e8re, aucune douille n&rsquo;a \u00e9t\u00e9 retrouv\u00e9e \u00e0 proximit\u00e9 du corps et les images de la vid\u00e9o surveillance sont \u00ab\u00a0inexploitables\u00a0\u00bb.<\/p>\n<p>La police judiciaire a \u00e9t\u00e9 saisie de l&rsquo;enqu\u00eate, a pr\u00e9cis\u00e9 le procureur.<\/p>\n","protected":false},"excerpt":{"rendered":"Le corps sans vie d&rsquo;un homme jeune, tu\u00e9 par balles, a \u00e9t\u00e9 d\u00e9couvert dans la nuit de jeudi&hellip;\n","protected":false},"author":2,"featured_media":179819,"comment_status":"","ping_status":"","sticky":false,"template":"","format":"standard","meta":{"footnotes":""},"categories":[9599],"tags":[17,1111,11,6195,6725,2837,1446,4440,1777,674,274,1011,27,4933,2208,12,2680,25,5911],"class_list":{"0":"post-179818","1":"post","2":"type-post","3":"status-publish","4":"format-standard","5":"has-post-thumbnail","7":"category-montpellier","8":"tag-17","9":"tag-actu","10":"tag-actualites","11":"tag-balle","12":"tag-corps","13":"tag-dun","14":"tag-dans","15":"tag-dune","16":"tag-eu","17":"tag-europe","18":"tag-faits-divers-justice","19":"tag-fr","20":"tag-france","21":"tag-homme","22":"tag-montpellier","23":"tag-news","24":"tag-occitanie","25":"tag-republique-francaise","26":"tag-tue"},"share_on_mastodon":{"url":"https:\/\/pubeurope.com\/@fr\/114690793314561297","error":""},"_links":{"self":[{"href":"https:\/\/www.europesays.com\/fr\/wp-json\/wp\/v2\/posts\/179818","targetHints":{"allow":["GET"]}}],"collection":[{"href":"https:\/\/www.europesays.com\/fr\/wp-json\/wp\/v2\/posts"}],"about":[{"href":"https:\/\/www.europesays.com\/fr\/wp-json\/wp\/v2\/types\/post"}],"author":[{"embeddable":true,"href":"https:\/\/www.europesays.com\/fr\/wp-json\/wp\/v2\/users\/2"}],"replies":[{"embeddable":true,"href":"https:\/\/www.europesays.com\/fr\/wp-json\/wp\/v2\/comments?post=179818"}],"version-history":[{"count":0,"href":"https:\/\/www.europesays.com\/fr\/wp-json\/wp\/v2\/posts\/179818\/revisions"}],"wp:featuredmedia":[{"embeddable":true,"href":"https:\/\/www.europesays.com\/fr\/wp-json\/wp\/v2\/media\/179819"}],"wp:attachment":[{"href":"https:\/\/www.europesays.com\/fr\/wp-json\/wp\/v2\/media?parent=179818"}],"wp:term":[{"taxonomy":"category","embeddable":true,"href":"https:\/\/www.europesays.com\/fr\/wp-json\/wp\/v2\/categories?post=179818"},{"taxonomy":"post_tag","embeddable":true,"href":"https:\/\/www.europesays.com\/fr\/wp-json\/wp\/v2\/tags?post=179818"}],"curies":[{"name":"wp","href":"https:\/\/api.w.org\/{rel}","templated":true}]}}