{"id":179820,"date":"2025-06-16T02:56:32","date_gmt":"2025-06-16T02:56:32","guid":{"rendered":"https:\/\/www.europesays.com\/fr\/179820\/"},"modified":"2025-06-16T02:56:32","modified_gmt":"2025-06-16T02:56:32","slug":"feminines-enza-samarati-rejoint-le-centre-de-formation-du-montpellier-hsc","status":"publish","type":"post","link":"https:\/\/www.europesays.com\/fr\/179820\/","title":{"rendered":"[F\u00e9minines] Enza Samarati rejoint le centre de formation du Montpellier HSC"},"content":{"rendered":"<p>L\u2019US Mours a officialis\u00e9 une nouvelle qui marque un tournant dans le parcours d\u2019une de ses jeunes joueuses prometteuses. Arriv\u00e9e en U13, Enza Samarati aura pass\u00e9 deux saisons au sein du club dr\u00f4mois, o\u00f9 elle a rapidement attir\u00e9 l\u2019attention par son s\u00e9rieux, ses qualit\u00e9s techniques et son engagement.<\/p>\n<p>D\u00e9sormais en cat\u00e9gorie U15, la jeune joueuse a \u00e9t\u00e9 r\u00e9guli\u00e8rement sollicit\u00e9e pour participer aux s\u00e9lections d\u00e9partementales et r\u00e9gionales, preuve de sa progression constante et de son potentiel reconnu au-del\u00e0 du cadre local.<\/p>\n<p>Fruit de son travail acharn\u00e9 et de son investissement, Enza Samarati franchit aujourd\u2019hui une \u00e9tape importante de sa jeune carri\u00e8re : elle s\u2019est engag\u00e9e avec le centre de formation de la section f\u00e9minine du Montpellier H\u00e9rault Sport Club, une structure r\u00e9put\u00e9e pour son exigence et sa capacit\u00e9 \u00e0 former les talents de demain.<\/p>\n","protected":false},"excerpt":{"rendered":"L\u2019US Mours a officialis\u00e9 une nouvelle qui marque un tournant dans le parcours d\u2019une de ses jeunes joueuses&hellip;\n","protected":false},"author":2,"featured_media":179821,"comment_status":"","ping_status":"","sticky":false,"template":"","format":"standard","meta":{"footnotes":""},"categories":[9599],"tags":[1111,11,1777,674,12300,1119,1011,27,1434,2208,12,2680,25],"class_list":{"0":"post-179820","1":"post","2":"type-post","3":"status-publish","4":"format-standard","5":"has-post-thumbnail","7":"category-montpellier","8":"tag-actu","9":"tag-actualites","10":"tag-eu","11":"tag-europe","12":"tag-feminines","13":"tag-formation","14":"tag-fr","15":"tag-france","16":"tag-mercato","17":"tag-montpellier","18":"tag-news","19":"tag-occitanie","20":"tag-republique-francaise"},"share_on_mastodon":{"url":"https:\/\/pubeurope.com\/@fr\/114690797257161251","error":""},"_links":{"self":[{"href":"https:\/\/www.europesays.com\/fr\/wp-json\/wp\/v2\/posts\/179820","targetHints":{"allow":["GET"]}}],"collection":[{"href":"https:\/\/www.europesays.com\/fr\/wp-json\/wp\/v2\/posts"}],"about":[{"href":"https:\/\/www.europesays.com\/fr\/wp-json\/wp\/v2\/types\/post"}],"author":[{"embeddable":true,"href":"https:\/\/www.europesays.com\/fr\/wp-json\/wp\/v2\/users\/2"}],"replies":[{"embeddable":true,"href":"https:\/\/www.europesays.com\/fr\/wp-json\/wp\/v2\/comments?post=179820"}],"version-history":[{"count":0,"href":"https:\/\/www.europesays.com\/fr\/wp-json\/wp\/v2\/posts\/179820\/revisions"}],"wp:featuredmedia":[{"embeddable":true,"href":"https:\/\/www.europesays.com\/fr\/wp-json\/wp\/v2\/media\/179821"}],"wp:attachment":[{"href":"https:\/\/www.europesays.com\/fr\/wp-json\/wp\/v2\/media?parent=179820"}],"wp:term":[{"taxonomy":"category","embeddable":true,"href":"https:\/\/www.europesays.com\/fr\/wp-json\/wp\/v2\/categories?post=179820"},{"taxonomy":"post_tag","embeddable":true,"href":"https:\/\/www.europesays.com\/fr\/wp-json\/wp\/v2\/tags?post=179820"}],"curies":[{"name":"wp","href":"https:\/\/api.w.org\/{rel}","templated":true}]}}