{"id":179824,"date":"2025-06-16T03:02:33","date_gmt":"2025-06-16T03:02:33","guid":{"rendered":"https:\/\/www.europesays.com\/fr\/179824\/"},"modified":"2025-06-16T03:02:33","modified_gmt":"2025-06-16T03:02:33","slug":"rennes-un-homme-souffrant-d-importants-troubles-psychiatriques-simmole-par-le-feu","status":"publish","type":"post","link":"https:\/\/www.europesays.com\/fr\/179824\/","title":{"rendered":"Rennes\u00a0: un homme souffrant d\u2019\u00ab\u00a0importants troubles psychiatriques\u00a0\u00bb s\u2019immole par le feu"},"content":{"rendered":"<p class=\"paragraph text_align_left\">Il n\u2019a pas surv\u00e9cu. Un homme souffrant \u00ab d\u2019importants troubles psychiatriques \u00bb est mort de ses blessures apr\u00e8s <a href=\"https:\/\/www.leparisien.fr\/paris-75\/paris-un-homme-meurt-apres-setre-immole-par-le-feu-dans-les-locaux-dun-bailleur-social-27-01-2025-BL4P7Y6IBFHXNJ3SKWMQHRGFSY.php\" target=\"_blank\" rel=\"noreferrer nofollow noopener\">s\u2019\u00eatre immol\u00e9 par le feu<\/a> pr\u00e8s d\u2019un centre commercial tr\u00e8s fr\u00e9quent\u00e9 de Rennes (Ille-et-Vilaine) samedi, a d\u00e9clar\u00e9 le parquet dimanche.<\/p>\n<p class=\"paragraph text_align_left\">Samedi, l\u2019homme \u00e2g\u00e9 de 37 ans s\u2019est rendu vers 11 heures \u00e0 la station-service du centre commercial E.Leclerc Cleunay, dans l\u2019ouest de la ville, o\u00f9 il s\u2019est immol\u00e9 par le feu, a pr\u00e9cis\u00e9 le procureur de la R\u00e9publique de Rennes, Fr\u00e9d\u00e9ric Teillet. D\u2019apr\u00e8s <a href=\"https:\/\/www.ouest-france.fr\/societe\/faits-divers\/lhomme-qui-setait-immole-par-le-feu-dans-une-station-essence-a-rennes-est-decede-b5cedebe-49d9-11f0-9d37-5ecd6f11d520\" target=\"_blank\" rel=\"noreferrer nofollow noopener\">Ouest-France<\/a>, des clients et des agents de s\u00e9curit\u00e9 sont parvenus \u00e0 \u00e9teindre l\u2019incendie avant l\u2019arriv\u00e9e des pompiers.<\/p>\n<p>La vid\u00e9osurveillance confirme le suicide<\/p>\n<p class=\"paragraph text_align_left\">\u00ab L\u2019exploitation des images de vid\u00e9oprotection permet d\u2019\u00e9tablir qu\u2019il s\u2019est asperg\u00e9 de carburant \u00e0 la pompe \u00e0 essence avant d\u2019y mettre le feu, <a href=\"https:\/\/www.leparisien.fr\/seine-et-marne-77\/seine-et-marne-une-femme-simmole-par-le-feu-son-chien-empeche-les-secours-de-lapprocher-26-07-2024-MZSTOFNR4FAXBBIFRIOWR2W6ZU.php\" target=\"_blank\" rel=\"noreferrer nofollow noopener\">confirmant qu\u2019il s\u2019agit d\u2019un suicide<\/a> \u00bb, a-t-il affirm\u00e9 \u00e0 l\u2019AFP.<\/p>\n<p class=\"paragraph text_align_left\">\u00ab L\u2019int\u00e9ress\u00e9, d\u2019apr\u00e8s sa famille, souffrait d\u2019importants troubles psychiatriques \u00bb, a pr\u00e9cis\u00e9 le magistrat. Il est d\u00e9c\u00e9d\u00e9 en fin d\u2019apr\u00e8s-midi samedi, a-t-il ajout\u00e9.<\/p>\n<p class=\"lp-card-podcast-highlighting__title  lp-f-subtitle-05\">La tuerie du Sofitel d\u2019Avignon (2\/2)<\/p>\n<p class=\"lp-card-podcast-highlighting__description lp-f-ui-05\">Crime story raconte chaque semaine les grandes affaires criminelles.<\/p>\n<p><a class=\"lp-card-podcast-highlighting__call-to-action\" data-page-type=\"HP\" data-block-name=\"podcast-highlight\">\u00c9couter<\/a><\/p>\n<p class=\"paragraph text_align_left\">Selon le quotidien r\u00e9gional Ouest-France, le centre commercial de Cleunay, attenant \u00e0 la station-service, a \u00e9t\u00e9 ferm\u00e9 samedi. L\u2019homme s\u2019est suicid\u00e9 devant de nombreux t\u00e9moins, tr\u00e8s choqu\u00e9s, d\u2019apr\u00e8s la <a href=\"https:\/\/www.ouest-france.fr\/societe\/faits-divers\/les-images-sont-en-tete-un-homme-simmole-par-le-feu-dans-une-station-essence-de-rennes-89fcc850-4907-11f0-9d37-5ecd6f11d520\" target=\"_blank\" rel=\"noreferrer nofollow noopener\">m\u00eame source<\/a>.<\/p>\n","protected":false},"excerpt":{"rendered":"Il n\u2019a pas surv\u00e9cu. Un homme souffrant \u00ab d\u2019importants troubles psychiatriques \u00bb est mort de ses blessures apr\u00e8s&hellip;\n","protected":false},"author":2,"featured_media":179825,"comment_status":"","ping_status":"","sticky":false,"template":"","format":"standard","meta":{"footnotes":""},"categories":[2821],"tags":[1111,11,829,459,1777,674,118,1011,27,12,584,25],"class_list":{"0":"post-179824","1":"post","2":"type-post","3":"status-publish","4":"format-standard","5":"has-post-thumbnail","7":"category-rennes","8":"tag-actu","9":"tag-actualites","10":"tag-bretagne","11":"tag-departements-horsidfo","12":"tag-eu","13":"tag-europe","14":"tag-faits-divers","15":"tag-fr","16":"tag-france","17":"tag-news","18":"tag-rennes","19":"tag-republique-francaise"},"share_on_mastodon":{"url":"https:\/\/pubeurope.com\/@fr\/114690820854017152","error":""},"_links":{"self":[{"href":"https:\/\/www.europesays.com\/fr\/wp-json\/wp\/v2\/posts\/179824","targetHints":{"allow":["GET"]}}],"collection":[{"href":"https:\/\/www.europesays.com\/fr\/wp-json\/wp\/v2\/posts"}],"about":[{"href":"https:\/\/www.europesays.com\/fr\/wp-json\/wp\/v2\/types\/post"}],"author":[{"embeddable":true,"href":"https:\/\/www.europesays.com\/fr\/wp-json\/wp\/v2\/users\/2"}],"replies":[{"embeddable":true,"href":"https:\/\/www.europesays.com\/fr\/wp-json\/wp\/v2\/comments?post=179824"}],"version-history":[{"count":0,"href":"https:\/\/www.europesays.com\/fr\/wp-json\/wp\/v2\/posts\/179824\/revisions"}],"wp:featuredmedia":[{"embeddable":true,"href":"https:\/\/www.europesays.com\/fr\/wp-json\/wp\/v2\/media\/179825"}],"wp:attachment":[{"href":"https:\/\/www.europesays.com\/fr\/wp-json\/wp\/v2\/media?parent=179824"}],"wp:term":[{"taxonomy":"category","embeddable":true,"href":"https:\/\/www.europesays.com\/fr\/wp-json\/wp\/v2\/categories?post=179824"},{"taxonomy":"post_tag","embeddable":true,"href":"https:\/\/www.europesays.com\/fr\/wp-json\/wp\/v2\/tags?post=179824"}],"curies":[{"name":"wp","href":"https:\/\/api.w.org\/{rel}","templated":true}]}}