{"id":179826,"date":"2025-06-16T03:04:19","date_gmt":"2025-06-16T03:04:19","guid":{"rendered":"https:\/\/www.europesays.com\/fr\/179826\/"},"modified":"2025-06-16T03:04:19","modified_gmt":"2025-06-16T03:04:19","slug":"tennis-interclubs-sausheim-et-strasbourg-sacres","status":"publish","type":"post","link":"https:\/\/www.europesays.com\/fr\/179826\/","title":{"rendered":"Tennis. Interclubs: Sausheim et Strasbourg sacr\u00e9s"},"content":{"rendered":"<p>C\u2019est \u00ab\u00a0la cerise sur le g\u00e2teau\u00a0\u00bb que recherchait Antoine Garcia, le capitaine du TC Sausheim.<\/p>\n<p>Pas rassasi\u00e9s d\u2019\u00eatre promus en Nationale 4 pour la premi\u00e8re fois de leur histoire apr\u00e8s leur victoire (6-0) contre Saint-Di\u00e9 samedi, les Haut-Rhinois ont fait main basse ce dimanche sur la finale du Grand Est contre les Mosellans de Basse-Ham (4-2).<\/p>\n<p>\u00ab\u00a0Le samedi, on jouera pour gagner, le dimanche pour se faire plaisir contre des joueurs mieux class\u00e9s\u00a0\u00bb, avait envisag\u00e9 Antoine Garcia.<\/p>\n<p>Pas de bol\u00a0: les Lorrains n\u2019ont pas retenu les Allemands Christian Hansen (0) et Marcel Hofnung (1\/6), recrut\u00e9s pour assurer la mont\u00e9e samedi sur les courts du comit\u00e9 du Haut-Rhin \u00e0 Brunstatt, pas pour un titre tout juste honorifique le dimanche.<\/p>\n<p>Comme les Sausheimois, les finalistes&#8230;<\/p>\n","protected":false},"excerpt":{"rendered":"C\u2019est \u00ab\u00a0la cerise sur le g\u00e2teau\u00a0\u00bb que recherchait Antoine Garcia, le capitaine du TC Sausheim. Pas rassasi\u00e9s d\u2019\u00eatre&hellip;\n","protected":false},"author":2,"featured_media":179827,"comment_status":"","ping_status":"","sticky":false,"template":"","format":"standard","meta":{"footnotes":""},"categories":[2820],"tags":[1111,11,1636,1777,674,1011,27,775,12,25,19160,517,640,1467,11677],"class_list":{"0":"post-179826","1":"post","2":"type-post","3":"status-publish","4":"format-standard","5":"has-post-thumbnail","7":"category-strasbourg","8":"tag-actu","9":"tag-actualites","10":"tag-edition-mulhouse-thann","11":"tag-eu","12":"tag-europe","13":"tag-fr","14":"tag-france","15":"tag-grand-est","16":"tag-news","17":"tag-republique-francaise","18":"tag-sausheim","19":"tag-sport","20":"tag-strasbourg","21":"tag-tennis","22":"tag-tout-autour-de-mulhouse"},"share_on_mastodon":{"url":"https:\/\/pubeurope.com\/@fr\/114690828717436715","error":""},"_links":{"self":[{"href":"https:\/\/www.europesays.com\/fr\/wp-json\/wp\/v2\/posts\/179826","targetHints":{"allow":["GET"]}}],"collection":[{"href":"https:\/\/www.europesays.com\/fr\/wp-json\/wp\/v2\/posts"}],"about":[{"href":"https:\/\/www.europesays.com\/fr\/wp-json\/wp\/v2\/types\/post"}],"author":[{"embeddable":true,"href":"https:\/\/www.europesays.com\/fr\/wp-json\/wp\/v2\/users\/2"}],"replies":[{"embeddable":true,"href":"https:\/\/www.europesays.com\/fr\/wp-json\/wp\/v2\/comments?post=179826"}],"version-history":[{"count":0,"href":"https:\/\/www.europesays.com\/fr\/wp-json\/wp\/v2\/posts\/179826\/revisions"}],"wp:featuredmedia":[{"embeddable":true,"href":"https:\/\/www.europesays.com\/fr\/wp-json\/wp\/v2\/media\/179827"}],"wp:attachment":[{"href":"https:\/\/www.europesays.com\/fr\/wp-json\/wp\/v2\/media?parent=179826"}],"wp:term":[{"taxonomy":"category","embeddable":true,"href":"https:\/\/www.europesays.com\/fr\/wp-json\/wp\/v2\/categories?post=179826"},{"taxonomy":"post_tag","embeddable":true,"href":"https:\/\/www.europesays.com\/fr\/wp-json\/wp\/v2\/tags?post=179826"}],"curies":[{"name":"wp","href":"https:\/\/api.w.org\/{rel}","templated":true}]}}