{"id":179830,"date":"2025-06-16T03:07:14","date_gmt":"2025-06-16T03:07:14","guid":{"rendered":"https:\/\/www.europesays.com\/fr\/179830\/"},"modified":"2025-06-16T03:07:14","modified_gmt":"2025-06-16T03:07:14","slug":"interdit-en-loire-atlantique-le-rassemblement-du-mouvement-chouan-trouve-asile-ailleurs-2","status":"publish","type":"post","link":"https:\/\/www.europesays.com\/fr\/179830\/","title":{"rendered":"Interdit en Loire-Atlantique, le rassemblement du Mouvement Chouan trouve asile ailleurs"},"content":{"rendered":"<p><a href=\"https:\/\/nantes.maville.com\/actu\/actudet_-a-chateaubriant-terre-de-memoires-ils-ont-dit-victoire-contre-l-extreme-droite-et-sa-reunion-_8-6853974_actu.Htm\" target=\"_self\" rel=\"noopener\">Le rassemblement pr\u00e9vu par le Mouvement Chouan<\/a>, g\u00e9r\u00e9 par l\u2019identitaire d\u2019extr\u00eame droite Jean-Eudes Gannat, qui devait se tenir samedi 14\u00a0juin 2025 \u00e0 Ch\u00e2teaubriant, a \u00e9t\u00e9 <a href=\"https:\/\/nantes.maville.com\/actu\/actudet_-interdiction-d-un-rassemblement-d-extreme-droite-pres-de-chateaubriant-l-organisateur-persiste-_8-6850868_actu.Htm\" target=\"_self\" rel=\"noopener\">interdit par la pr\u00e9fecture de Loire-Atlantique. <\/a>Ce qui n\u2019a pas emp\u00each\u00e9 pour autant ces divers groupes d\u2019extr\u00eame droite (L\u2019Oriflamme de Rennes, Ligue lig\u00e9rienne de Nantes, Rassemblement des \u00e9tudiants de droite d\u2019Angers, Des Tours et des lys\u2026) de se r\u00e9unir ce week-end. Mais dans un autre d\u00e9partement.<\/p>\n<p><strong>Lire aussi\u00a0:<\/strong> <a href=\"https:\/\/laval.maville.com\/actu\/actudet_-enquete.-ultra-droite-en-mayenne-des-liens-tisses-au-fil-des-ans-avec-la-mouvance-traditionaliste-_11-6378870_actu.Htm\" target=\"_self\" rel=\"noopener\">Ultra-droite en Mayenne\u00a0: des liens tiss\u00e9s au fil des ans avec la mouvance traditionaliste<\/a><\/p>\n<p>Selon plusieurs sources, c\u2019est \u00e0 M\u00e9ral en Mayenne, commune distante d\u2019une petite cinquantaine de kilom\u00e8tres de Ch\u00e2teaubriant que s\u2019est tenu ce <strong>\u00ab\u00a0Printemps de l\u2019Ouest 2025\u00a0\u00bb <\/strong>dans un lieu priv\u00e9, non loin du bourg. Contact\u00e9, <a href=\"https:\/\/laval.maville.com\/actu\/actudet_-venue-d-academia-christiana-a-meral-quand-un-tel-evenement-arrive-il-faut-avoir-le-cuir-epais-_11-6349302_actu.Htm\" target=\"_self\" rel=\"noopener\">le maire de M\u00e9ral Richard Chamaret<\/a> n\u2019avait pas d\u2019\u00e9l\u00e9ments sur ce rassemblement. Le propri\u00e9taire du terrain, lui, n\u2019a pas donn\u00e9 suite \u00e0 notre sollicitation. Une photo post\u00e9e sur les r\u00e9seaux sociaux montre quelques dizaines de participants r\u00e9unis autour d\u2019un feu.<\/p>\n<p>\u00a0<\/p>\n","protected":false},"excerpt":{"rendered":"Le rassemblement pr\u00e9vu par le Mouvement Chouan, g\u00e9r\u00e9 par l\u2019identitaire d\u2019extr\u00eame droite Jean-Eudes Gannat, qui devait se tenir&hellip;\n","protected":false},"author":2,"featured_media":178891,"comment_status":"","ping_status":"","sticky":false,"template":"","format":"standard","meta":{"footnotes":""},"categories":[2818],"tags":[1111,11,2806,10443,31583,1777,674,1011,27,11648,3047,15777,766,12,2636,3919,25,12206],"class_list":{"0":"post-179830","1":"post","2":"type-post","3":"status-publish","4":"format-standard","5":"has-post-thumbnail","7":"category-nantes","8":"tag-actu","9":"tag-actualites","10":"tag-ailleurs","11":"tag-asile","12":"tag-chouan","13":"tag-eu","14":"tag-europe","15":"tag-fr","16":"tag-france","17":"tag-interdit","18":"tag-loire-atlantique","19":"tag-mouvement","20":"tag-nantes","21":"tag-news","22":"tag-pays-de-la-loire","23":"tag-rassemblement","24":"tag-republique-francaise","25":"tag-trouve"},"share_on_mastodon":{"url":"https:\/\/pubeurope.com\/@fr\/114690840519365250","error":""},"_links":{"self":[{"href":"https:\/\/www.europesays.com\/fr\/wp-json\/wp\/v2\/posts\/179830","targetHints":{"allow":["GET"]}}],"collection":[{"href":"https:\/\/www.europesays.com\/fr\/wp-json\/wp\/v2\/posts"}],"about":[{"href":"https:\/\/www.europesays.com\/fr\/wp-json\/wp\/v2\/types\/post"}],"author":[{"embeddable":true,"href":"https:\/\/www.europesays.com\/fr\/wp-json\/wp\/v2\/users\/2"}],"replies":[{"embeddable":true,"href":"https:\/\/www.europesays.com\/fr\/wp-json\/wp\/v2\/comments?post=179830"}],"version-history":[{"count":0,"href":"https:\/\/www.europesays.com\/fr\/wp-json\/wp\/v2\/posts\/179830\/revisions"}],"wp:featuredmedia":[{"embeddable":true,"href":"https:\/\/www.europesays.com\/fr\/wp-json\/wp\/v2\/media\/178891"}],"wp:attachment":[{"href":"https:\/\/www.europesays.com\/fr\/wp-json\/wp\/v2\/media?parent=179830"}],"wp:term":[{"taxonomy":"category","embeddable":true,"href":"https:\/\/www.europesays.com\/fr\/wp-json\/wp\/v2\/categories?post=179830"},{"taxonomy":"post_tag","embeddable":true,"href":"https:\/\/www.europesays.com\/fr\/wp-json\/wp\/v2\/tags?post=179830"}],"curies":[{"name":"wp","href":"https:\/\/api.w.org\/{rel}","templated":true}]}}