{"id":179835,"date":"2025-06-16T03:11:11","date_gmt":"2025-06-16T03:11:11","guid":{"rendered":"https:\/\/www.europesays.com\/fr\/179835\/"},"modified":"2025-06-16T03:11:11","modified_gmt":"2025-06-16T03:11:11","slug":"meteo-apres-les-orages-et-la-pluie-du-week-end-le-soleil-triomphe-a-nouveau","status":"publish","type":"post","link":"https:\/\/www.europesays.com\/fr\/179835\/","title":{"rendered":"M\u00e9t\u00e9o. Apr\u00e8s les orages et la pluie du week-end, le soleil triomphe \u00e0 nouveau"},"content":{"rendered":"<p>            Par<br \/>\n        <strong><br \/>\n            <a href=\"https:\/\/actu.fr\/auteur\/mareva-laville-actu-fr\" title=\"Consulter tous les articles de Mar\u00e9va Laville\" rel=\"nofollow noopener\" target=\"_blank\">Mar\u00e9va Laville<\/a><br \/>\n        <\/strong><\/p>\n<p>        Publi\u00e9 le<\/p>\n<p>            16 juin 2025 \u00e0 5h04        <\/p>\n<p><a href=\"https:\/\/actu.fr\/occitanie\/toulouse_31555\/orages-la-haute-garonne-placee-en-vigilance-jaune-par-meteo-france_62774913.html\" rel=\"nofollow noopener\" target=\"_blank\">Fini les orages,<\/a> fini la pluie et <a href=\"https:\/\/actu.fr\/occitanie\/toulouse_31555\/meteo-on-va-perdre-plus-de-dix-degres-ce-dimanche-a-toulouse-et-en-occitanie_62773930.html\" rel=\"nofollow noopener\" target=\"_blank\">fini les nuages.<\/a> Place \u00e0 nouveau au <strong>soleil<\/strong> \u00e0 <a href=\"http:\/\/www.actu.fr\/toulouse\" rel=\"nofollow noopener\" target=\"_blank\"><strong>Toulouse<\/strong> <\/a>pour ce d\u00e9but de semaine.<\/p>\n<p class=\" wall-content\">Lundi 16\u00a0juin 2025, M\u00e9t\u00e9o France pr\u00e9voit du grand ciel bleu tout au long de la journ\u00e9e dans la Ville rose. Avec des temp\u00e9ratures qui remonteront doucement\u2009: comptez <strong>22\u00b0C le matin et 26\u00b0C l\u2019apr\u00e8s-midi,<\/strong> avec une maximale \u00e0 27\u00b0C d\u2019apr\u00e8s les pr\u00e9visions de <a href=\"https:\/\/actu.fr\/tag\/meteo-france\" rel=\"nofollow noopener\" target=\"_blank\">M\u00e9t\u00e9o France.<\/a> Le tout accompagn\u00e9 d\u2019une petite brise soufflant \u00e0 10\u00a0km\/h. Id\u00e9al.<\/p>\n<p>    <img   decoding=\"async\" loading=\"lazy\" src=\"https:\/\/www.europesays.com\/fr\/wp-content\/uploads\/2025\/06\/lundi16-toulouse-960x463.png\" alt=\"Voici les pr\u00e9visions m\u00e9t\u00e9o \u00e0 Toulouse ce lundi 16 juin 2025.\" width=\"960\" height=\"463\"\/><br \/>\n    Voici les pr\u00e9visions m\u00e9t\u00e9o \u00e0 Toulouse ce lundi 16\u00a0juin 2025. (\u00a9Capture d\u2019\u00e9cran M\u00e9t\u00e9o France)Et en Occitanie\u2009?<\/p>\n<p class=\" wall-content\">Tout pareil. <a href=\"http:\/\/www.actu.fr\/occitanie\" rel=\"nofollow noopener\" target=\"_blank\"><strong>L\u2019Occitanie<\/strong> <\/a>rayonnera sous le soleil ce lundi 16\u00a0juin du matin jusqu\u2019au soir et \u00e0 l\u2019unanimit\u00e9. Seul Font-Romeu dans les Pyr\u00e9n\u00e9es-Orientales pourrait entrevoir un bout de nuages. L\u00e9ger.<\/p>\n<p class=\" wall-content\">Partout ailleurs, le Mercure s\u2019attellera \u00e0 faire grimper le thermom\u00e8tre. Et ce sera r\u00e9ussi puisque les temp\u00e9ratures remonteront jusqu\u2019\u00e0 <strong>31\u00b0C \u00e0 Monptellier et B\u00e9ziers, 30\u00b0C \u00e0 N\u00eemes et Perpignan, 28\u00b0C \u00e0 Cahors, 27\u00b0C \u00e0 Carcassonne, Albi et Montauban, 26\u00b0C \u00e0 Auch, 25\u00b0C \u00e0 Tarbes et 24\u00b0C \u00e0 Foix.<\/strong><\/p>\n<p class=\" wall-content\">Gare toutefois aux rafales de vent qui iront jusqu\u2019\u00e0 45\u00a0km\/h en bord de M\u00e9diterran\u00e9e et \u00e0 Carcassonne.<\/p>\n<p>Vid\u00e9os : en ce moment sur Actu<br \/>\n    <img   decoding=\"async\" loading=\"lazy\" src=\"https:\/\/www.europesays.com\/fr\/wp-content\/uploads\/2025\/06\/lundi16-occitanie-960x640.png\" alt=\"Voici les pr\u00e9visions m\u00e9t\u00e9o pour l'Occitanie ce lundi 16 juin 2025.\" width=\"960\" height=\"640\"\/><br \/>\n    Voici les pr\u00e9visions m\u00e9t\u00e9o pour l\u2019Occitanie ce lundi 16\u00a0juin 2025. (\u00a9Capture d\u2019\u00e9cran M\u00e9t\u00e9o France)<\/p>\n<p class=\" wall-content\">Suivez toute l\u2019actualit\u00e9 de vos villes et m\u00e9dias favoris en vous inscrivant \u00e0 <a href=\"https:\/\/moncompte.actu.fr\" title=\"D\u00e9couvez Mon Actu\" rel=\"nofollow noopener\" data-trk=\"{&quot;cta&quot;:{&quot;action&quot;:&quot;https:\\\/\\\/moncompte.actu.fr&quot;,&quot;category&quot;:&quot;mon compte&quot;,&quot;from&quot;:&quot;article footer&quot;,&quot;name&quot;:&quot;Mon actu&quot;,&quot;type&quot;:&quot;cta&quot;}}\" target=\"_blank\">Mon Actu<\/a>.<\/p>\n","protected":false},"excerpt":{"rendered":"Par Mar\u00e9va Laville Publi\u00e9 le 16 juin 2025 \u00e0 5h04 Fini les orages, fini la pluie et fini&hellip;\n","protected":false},"author":2,"featured_media":179836,"comment_status":"","ping_status":"","sticky":false,"template":"","format":"standard","meta":{"footnotes":""},"categories":[2816],"tags":[1111,11,1777,674,1011,27,2487,2357,12,2680,25,2312],"class_list":{"0":"post-179835","1":"post","2":"type-post","3":"status-publish","4":"format-standard","5":"has-post-thumbnail","7":"category-toulouse","8":"tag-actu","9":"tag-actualites","10":"tag-eu","11":"tag-europe","12":"tag-fr","13":"tag-france","14":"tag-meteo","15":"tag-meteo-france","16":"tag-news","17":"tag-occitanie","18":"tag-republique-francaise","19":"tag-toulouse"},"share_on_mastodon":{"url":"https:\/\/pubeurope.com\/@fr\/114690856363894976","error":""},"_links":{"self":[{"href":"https:\/\/www.europesays.com\/fr\/wp-json\/wp\/v2\/posts\/179835","targetHints":{"allow":["GET"]}}],"collection":[{"href":"https:\/\/www.europesays.com\/fr\/wp-json\/wp\/v2\/posts"}],"about":[{"href":"https:\/\/www.europesays.com\/fr\/wp-json\/wp\/v2\/types\/post"}],"author":[{"embeddable":true,"href":"https:\/\/www.europesays.com\/fr\/wp-json\/wp\/v2\/users\/2"}],"replies":[{"embeddable":true,"href":"https:\/\/www.europesays.com\/fr\/wp-json\/wp\/v2\/comments?post=179835"}],"version-history":[{"count":0,"href":"https:\/\/www.europesays.com\/fr\/wp-json\/wp\/v2\/posts\/179835\/revisions"}],"wp:featuredmedia":[{"embeddable":true,"href":"https:\/\/www.europesays.com\/fr\/wp-json\/wp\/v2\/media\/179836"}],"wp:attachment":[{"href":"https:\/\/www.europesays.com\/fr\/wp-json\/wp\/v2\/media?parent=179835"}],"wp:term":[{"taxonomy":"category","embeddable":true,"href":"https:\/\/www.europesays.com\/fr\/wp-json\/wp\/v2\/categories?post=179835"},{"taxonomy":"post_tag","embeddable":true,"href":"https:\/\/www.europesays.com\/fr\/wp-json\/wp\/v2\/tags?post=179835"}],"curies":[{"name":"wp","href":"https:\/\/api.w.org\/{rel}","templated":true}]}}