{"id":179837,"date":"2025-06-16T03:12:14","date_gmt":"2025-06-16T03:12:14","guid":{"rendered":"https:\/\/www.europesays.com\/fr\/179837\/"},"modified":"2025-06-16T03:12:14","modified_gmt":"2025-06-16T03:12:14","slug":"lors-dun-tournoi-de-foot-pour-enfants-un-match-degenere-en-bagarre-generale-a-toulouse-un-homme-grievement-blesse","status":"publish","type":"post","link":"https:\/\/www.europesays.com\/fr\/179837\/","title":{"rendered":"Lors d&rsquo;un tournoi de foot pour enfants, un match d\u00e9g\u00e9n\u00e8re en bagarre g\u00e9n\u00e9rale \u00e0 Toulouse, un homme gri\u00e8vement bless\u00e9"},"content":{"rendered":"<p>Un homme a \u00e9t\u00e9 gri\u00e8vement bless\u00e9 et un \u00e9ducateur agress\u00e9 lors d&rsquo;une bagarre g\u00e9n\u00e9rale durant un tournoi de football U10 pr\u00e8s de Toulouse samedi, a-t-on appris de sources concordantes dimanche.<\/p>\n<p>Les secours sont intervenus sur un terrain de football pr\u00e8s de Toulouse et \u00ab\u00a0ont transport\u00e9 un bless\u00e9 grave\u00a0\u00bb, samedi apr\u00e8s-midi, ont indiqu\u00e9 les pompiers dimanche \u00e0 l&rsquo;AFP.<\/p>\n<p><strong>Un tournoi d&rsquo;enfants de dix ans\u00a0<\/strong><\/p>\n<p>L&rsquo;homme, parent d&rsquo;un jeune joueur, <strong>a \u00e9t\u00e9 bless\u00e9 lors d&rsquo;une bagarre<\/strong> \u00ab\u00a0d&rsquo;une extr\u00eame violence\u00a0\u00bb, durant une rencontre entre deux \u00e9quipes de football locales d&rsquo;<strong>enfants de dix ans<\/strong>, dans le cadre d&rsquo;un tournoi, selon la copr\u00e9sidente d&rsquo;un des deux club.<\/p>\n<p><a href=\"https:\/\/www.nicematin.com\/faits-divers\/-c-etait-tres-violent-un-match-de-foot-amateur-arrete-a-nice-a-la-suite-d-une-bagarre-et-de-l-envahissement-du-terrain-954905\" target=\"_blank\" rel=\"noopener\">Des parents et spectateurs qui ont envahi le terrain<\/a> \u00ab\u00a0se sont battus devant les enfants qui sont tr\u00e8s choqu\u00e9s\u00a0\u00bb et s&rsquo;en sont \u00e9galement pris \u00e0 un \u00e9ducateur b\u00e9n\u00e9vole d&rsquo;un des deux clubs qui a \u00e9t\u00e9 \u00ab\u00a0rou\u00e9 de coups\u00a0\u00bb et \u00ab\u00a0aura probablement plusieurs jours d&rsquo;ITT\u00a0\u00bb, rapporte la copr\u00e9sidente.<\/p>\n","protected":false},"excerpt":{"rendered":"Un homme a \u00e9t\u00e9 gri\u00e8vement bless\u00e9 et un \u00e9ducateur agress\u00e9 lors d&rsquo;une bagarre g\u00e9n\u00e9rale durant un tournoi de&hellip;\n","protected":false},"author":2,"featured_media":25773,"comment_status":"","ping_status":"","sticky":false,"template":"","format":"standard","meta":{"footnotes":""},"categories":[2816],"tags":[1111,11,1777,674,332,1011,27,12,2680,25,2312],"class_list":{"0":"post-179837","1":"post","2":"type-post","3":"status-publish","4":"format-standard","5":"has-post-thumbnail","7":"category-toulouse","8":"tag-actu","9":"tag-actualites","10":"tag-eu","11":"tag-europe","12":"tag-faits-de-societe","13":"tag-fr","14":"tag-france","15":"tag-news","16":"tag-occitanie","17":"tag-republique-francaise","18":"tag-toulouse"},"share_on_mastodon":{"url":"https:\/\/pubeurope.com\/@fr\/114690860159234310","error":""},"_links":{"self":[{"href":"https:\/\/www.europesays.com\/fr\/wp-json\/wp\/v2\/posts\/179837","targetHints":{"allow":["GET"]}}],"collection":[{"href":"https:\/\/www.europesays.com\/fr\/wp-json\/wp\/v2\/posts"}],"about":[{"href":"https:\/\/www.europesays.com\/fr\/wp-json\/wp\/v2\/types\/post"}],"author":[{"embeddable":true,"href":"https:\/\/www.europesays.com\/fr\/wp-json\/wp\/v2\/users\/2"}],"replies":[{"embeddable":true,"href":"https:\/\/www.europesays.com\/fr\/wp-json\/wp\/v2\/comments?post=179837"}],"version-history":[{"count":0,"href":"https:\/\/www.europesays.com\/fr\/wp-json\/wp\/v2\/posts\/179837\/revisions"}],"wp:featuredmedia":[{"embeddable":true,"href":"https:\/\/www.europesays.com\/fr\/wp-json\/wp\/v2\/media\/25773"}],"wp:attachment":[{"href":"https:\/\/www.europesays.com\/fr\/wp-json\/wp\/v2\/media?parent=179837"}],"wp:term":[{"taxonomy":"category","embeddable":true,"href":"https:\/\/www.europesays.com\/fr\/wp-json\/wp\/v2\/categories?post=179837"},{"taxonomy":"post_tag","embeddable":true,"href":"https:\/\/www.europesays.com\/fr\/wp-json\/wp\/v2\/tags?post=179837"}],"curies":[{"name":"wp","href":"https:\/\/api.w.org\/{rel}","templated":true}]}}