{"id":179848,"date":"2025-06-16T03:21:14","date_gmt":"2025-06-16T03:21:14","guid":{"rendered":"https:\/\/www.europesays.com\/fr\/179848\/"},"modified":"2025-06-16T03:21:14","modified_gmt":"2025-06-16T03:21:14","slug":"psg-atletico-4-0-une-large-victoire-et-une-entame-ideale-revivez-la-balade-des-parisiens","status":"publish","type":"post","link":"https:\/\/www.europesays.com\/fr\/179848\/","title":{"rendered":"PSG-Atl\u00e9tico (4-0) : une large victoire et une entame id\u00e9ale, revivez la balade des Parisiens"},"content":{"rendered":"<p>C&rsquo;est la fin de ce direct<\/p>\n<p>Merci d&rsquo;avoir suivi cette rencontre avec nous. Bonne fin de soir\u00e9e, et rendez-vous vendredi \u00e0 3 heures du matin pour le deuxi\u00e8me match des Parisiens face \u00e0 Botafogo.<\/p>\n<p>Les mots de l&rsquo;homme du match, Vitinha, au micro de DAZN<\/p>\n<p>\u00ab On s&rsquo;est sentis tr\u00e8s bien, moi, l&rsquo;\u00e9quipe, m\u00eame avec ce type de conditions. Il fait chaud, c&rsquo;est difficile et \u00e7a a \u00e9t\u00e9 aussi difficile pour l&rsquo;Atl\u00e9tico, qui n&rsquo;avait pas le ballon. On a essay\u00e9 d&rsquo;avoir le contr\u00f4le du match, de les faire courir et de se cr\u00e9er des occasions, on a tout fait. On est heureux de ce r\u00e9sultat.<\/p>\n<p>J&rsquo;essaye de r\u00e9cup\u00e9rer le plus possible, de dormir, de faire toutes les choses qu&rsquo;on a : la botte, le froid\u2026 Apr\u00e8s, c&rsquo;est ma g\u00e9n\u00e9tique aussi : j&rsquo;aime courir, donner les solutions de passe pour continuer \u00e0 jouer. Parfois, je serai mort de fatigue aussi, mais si \u00e7a donne il faut continuer.\u00a0<\/p>\n<p>On a d\u00e9j\u00e0 parl\u00e9 de \u00e7a avant, moi, le coach, les autres tireurs. Normalement je tire, s&rsquo;il y a Ousmane c&rsquo;est Ousmane\u2026 Aujourd&rsquo;hui, c&rsquo;\u00e9tait moi. Mais je ne suis pas attaquant, donc je n&rsquo;ai pas besoin de buts. Alors si le score est bon, on donne \u00e0 un joueur offensif, qui a besoin de buts. C&rsquo;\u00e9tait le cas de Kang-in. \u00bb<\/p>\n<p>Luis Enrique r\u00e9agit au micro de DAZN<\/p>\n<p>\u00ab C&rsquo;\u00e9tait une saison tr\u00e8s longue, mais ce que j&rsquo;ai vu aux entra\u00eenements, c&rsquo;est une grosse motivation. On est contents du match, malgr\u00e9 la chaleur je pense qu&rsquo;on a fait un tr\u00e8s bon match.<\/p>\n<p>Une caract\u00e9ristique qu&rsquo;a cette \u00e9quipe et qu&rsquo;on a am\u00e9lior\u00e9 depuis notre premier jour, c&rsquo;est la mobilit\u00e9. C&rsquo;est important. Mais \u00e7a ne doit pas \u00eatre n&rsquo;importe comment. Aujourd&rsquo;hui, on a tr\u00e8s bien jou\u00e9 m\u00eame si c&rsquo;\u00e9tait difficile de faire des efforts.\u00a0<\/p>\n<p>L&rsquo;ambition des joueurs, c&rsquo;est d&rsquo;\u00eatre d\u00e9cisif et en tant qu&rsquo;entra\u00eeneur, c&rsquo;est plaisant de voir des joueurs rentrer et marquer. C&rsquo;est comme \u00e7a qu&rsquo;on s&rsquo;am\u00e9liore et qu&rsquo;on se grandit. \u00bb<\/p>\n<p>Antoine Griezmann, au micro de DAZN<\/p>\n<p>\u00ab On s&rsquo;attendait \u00e0 faire le m\u00eame match qu&rsquo;au Parc. Avec la chaleur, c&rsquo;\u00e9tait un peu plus compliqu\u00e9 et il y a eu deux-trois faits de jeu qui auraient pu tourner de notre c\u00f4t\u00e9, mais qui ont tourn\u00e9 \u00e0 leur avantage. Il faut continuer \u00e0 travailler.\u00a0<\/p>\n<p>On les a jou\u00e9s, on les regarde \u00e0 la t\u00e9l\u00e9 donc on n&rsquo;est pas surpris, on s&rsquo;y attendait. On avait bien pr\u00e9par\u00e9 notre match\u2026 C&rsquo;est dommage.<\/p>\n<p>J&rsquo;ai toujours \u00e9t\u00e9 un joueur d&rsquo;\u00e9quipe, j&rsquo;adore faire les efforts pour les autres. Je veux transmettre \u00e7a \u00e0 mon petit, qui a 6 ans, qui joue au foot. En 2014, \u00e7a a \u00e9t\u00e9 difficile quand je suis arriv\u00e9 ici avec Cholo mais maintenant, c&rsquo;est mon jeu et j&rsquo;en suis fier. \u00bb\u00a0<\/p>\n<p>La r\u00e9action de Marquinhos, au micro de DAZN<\/p>\n<p>\u00ab On ne sait jamais comment va se passer un match, surtout contre un adversaire qui d\u00e9fend bien qui est dur \u00e0 jouer. Notre \u00e9quipe a encore montr\u00e9 sa force aujourd&rsquo;hui. M\u00eame si on est champions d&rsquo;Europe, on a la motivation et la bonne intensit\u00e9. Il faut continuer comme \u00e7a, humble, continuer \u00e0 courir, continuer \u00e0 d\u00e9fendre<\/p>\n<p>Aujourd&rsquo;hui, je fais partie des plus exp\u00e9riment\u00e9s et j&rsquo;essaye d&rsquo;aider et de motiver les gamins. Ils ont gagn\u00e9 tr\u00e8s jeunes, maintenant, on fait quoi ? Il faut continuer \u00e0 bosser, \u00e0 avoir des objectifs, de la motivation. J&rsquo;essaye toujours de leur parler, de les aider, pour leur bien avec ce r\u00f4le l\u00e0. \u00bb\u00a0<\/p>\n<p>90&prime; +7 &#8211; C&rsquo;est termin\u00e9 !<\/p>\n<p>Sur ces filets tremblants, M. Kovacs siffle la fin de la rencontre. Avec une victoire \u00c9CRASANTE du PSG, 4-0, face \u00e0 l&rsquo;Atl\u00e9tico de Madrid.\u00a0<\/p>\n<p>87&prime; &#8211; MAYULUUU POUR LE 3-0 !<\/p>\n<p>Comme \u00e0 Munich, Senny Mayulu place la cerise au sommet du g\u00e2teau ! Sur une grosse situation parisienne, Hakimi croit d&rsquo;abord perdre le ballon mais Mbaye est vigilant pour intercepter le d\u00e9gagement de la d\u00e9fense madril\u00e8ne. \u00c0 l&rsquo;aff\u00fbt, Mayulu reprend le ballon d&rsquo;une vol\u00e9e du droit, \u00e0 ras de terre, qui trompe Oblak. 3-0 !<\/p>\n<p>57&prime; &#8211; Le but du 2-1 sign\u00e9 Alvarez\u2026 mais annul\u00e9 apr\u00e8s visionnage de la vid\u00e9o.<\/p>\n<p>Un but inscrit dans la confusion par l&rsquo;Atl\u00e9tico. Koke semble faire faute sur Dou\u00e9, mais les Colchoneros r\u00e9cup\u00e8rent le ballon et Alvarez peut \u00eatre servi seul c\u00f4t\u00e9 gauche. Il trompe Donnarumma d&rsquo;une frappe crois\u00e9e, \u00e0 ras de terre.\u00a0<\/p>\n<p>Un temps valid\u00e9, le but est finalement retir\u00e9 par M. Kovacs.\u00a0<\/p>\n<p>45&prime; +3 &#8211; C&rsquo;est la mi-temps !<\/p>\n<p>Le PSG, en maitrise, m\u00e8ne 2-0 face \u00e0 l&rsquo;Atl\u00e9tico de Madrid pour son entr\u00e9e en lice en Coupe du monde des clubs. Fabian Ruiz et Vitinha ont marqu\u00e9 pour le PSG, port\u00e9 par ses milieux de terrain !\u00a0<\/p>\n<p>45&prime; +1 &#8211; VITINHA DOUBLE LA MISE ! (2-0)<\/p>\n<p>Sur le contre ! Alors que Griezmann aurait pu \u00e9galiser pour l&rsquo;Atl\u00e9tico quelques secondes auparavant, les Colchoneros sont aspir\u00e9s dans la contre-attaque. Vitinha se retrouve seul face \u00e0 Oblak et finit sans trembler, 2-0.\u00a0<\/p>\n<p>19&prime; &#8211; BUUUUUT DE FABIAN RUIZ ! (1-0)<\/p>\n<p>Il \u00e9tait dans tous les bons coups depuis le d\u00e9but de la rencontre, le voil\u00e0 buteur ! Bonne combinaison entre Dou\u00e9 et Kvara c\u00f4t\u00e9 droit. Le G\u00e9orgien sert habilement Ruiz, \u00e0 l&rsquo;aff\u00fbt \u00e0 l&rsquo;entr\u00e9e de la surface : sa frappe en premi\u00e8re intention est un bijou de pr\u00e9cision, au ras du poteau. 1-0 !<\/p>\n","protected":false},"excerpt":{"rendered":"C&rsquo;est la fin de ce direct Merci d&rsquo;avoir suivi cette rencontre avec nous. Bonne fin de soir\u00e9e, et&hellip;\n","protected":false},"author":2,"featured_media":179849,"comment_status":"","ping_status":"","sticky":false,"template":"","format":"standard","meta":{"footnotes":""},"categories":[1888],"tags":[1111,1928,11,1927,1777,674,1011,27,1227,12,1926,626,1925,25],"class_list":{"0":"post-179848","1":"post","2":"type-post","3":"status-publish","4":"format-standard","5":"has-post-thumbnail","7":"category-paris","8":"tag-actu","9":"tag-actu-paris","10":"tag-actualites","11":"tag-actualites-paris","12":"tag-eu","13":"tag-europe","14":"tag-fr","15":"tag-france","16":"tag-horizontal","17":"tag-news","18":"tag-news-paris","19":"tag-paris","20":"tag-paris-news","21":"tag-republique-francaise"},"share_on_mastodon":{"url":"https:\/\/pubeurope.com\/@fr\/114690895615497961","error":""},"_links":{"self":[{"href":"https:\/\/www.europesays.com\/fr\/wp-json\/wp\/v2\/posts\/179848","targetHints":{"allow":["GET"]}}],"collection":[{"href":"https:\/\/www.europesays.com\/fr\/wp-json\/wp\/v2\/posts"}],"about":[{"href":"https:\/\/www.europesays.com\/fr\/wp-json\/wp\/v2\/types\/post"}],"author":[{"embeddable":true,"href":"https:\/\/www.europesays.com\/fr\/wp-json\/wp\/v2\/users\/2"}],"replies":[{"embeddable":true,"href":"https:\/\/www.europesays.com\/fr\/wp-json\/wp\/v2\/comments?post=179848"}],"version-history":[{"count":0,"href":"https:\/\/www.europesays.com\/fr\/wp-json\/wp\/v2\/posts\/179848\/revisions"}],"wp:featuredmedia":[{"embeddable":true,"href":"https:\/\/www.europesays.com\/fr\/wp-json\/wp\/v2\/media\/179849"}],"wp:attachment":[{"href":"https:\/\/www.europesays.com\/fr\/wp-json\/wp\/v2\/media?parent=179848"}],"wp:term":[{"taxonomy":"category","embeddable":true,"href":"https:\/\/www.europesays.com\/fr\/wp-json\/wp\/v2\/categories?post=179848"},{"taxonomy":"post_tag","embeddable":true,"href":"https:\/\/www.europesays.com\/fr\/wp-json\/wp\/v2\/tags?post=179848"}],"curies":[{"name":"wp","href":"https:\/\/api.w.org\/{rel}","templated":true}]}}