{"id":179855,"date":"2025-06-16T03:29:12","date_gmt":"2025-06-16T03:29:12","guid":{"rendered":"https:\/\/www.europesays.com\/fr\/179855\/"},"modified":"2025-06-16T03:29:12","modified_gmt":"2025-06-16T03:29:12","slug":"le-g7-doit-accroitre-la-pression-sur-la-russie-estime-von-der-leyen-16-06-2025-a-0454","status":"publish","type":"post","link":"https:\/\/www.europesays.com\/fr\/179855\/","title":{"rendered":"Le G7 doit accro\u00eetre la pression sur la Russie, estime von der Leyen &#8211; 16\/06\/2025 \u00e0 04:54"},"content":{"rendered":"<p>\n par John Irish\n<\/p>\n<p>\n La pr\u00e9sidente<br \/>\nde la Commission europ\u00e9enne, Ursula von der Leyen, a d\u00e9clar\u00e9<br \/>\ndimanche que davantage de pression devait \u00eatre exerc\u00e9e sur la<br \/>\nRussie pour obtenir un cessez-le-feu en Ukraine, exhortant les<br \/>\npays membres du Groupe des Sept (G7) \u00e0 renforcer les sanctions<br \/>\nafin d&rsquo;atteindre cet objectif.\n<\/p>\n<p>\n Les dirigeants des pays membres du G7 sont r\u00e9unis dans les<br \/>\nRocheuses canadiennes jusqu&rsquo;\u00e0 jeudi et les pays europ\u00e9ens<br \/>\ncherchent \u00e0 faire en sorte que la guerre en Ukraine reste<br \/>\nfermement dans l&rsquo;esprit du pr\u00e9sident am\u00e9ricain Donald Trump,<br \/>\nmalgr\u00e9 les combats qui opposent Isra\u00ebl et l&rsquo;Iran au<br \/>\nProche-Orient.\n<\/p>\n<p>\n L&rsquo;Union europ\u00e9enne (UE), qui s&rsquo;appr\u00eate \u00e0 adopter un nouveau<br \/>\ntrain de sanctions \u00e0 l&rsquo;encontre de la Russie, n&rsquo;a pas r\u00e9ussi<br \/>\njusqu&rsquo;\u00e0 pr\u00e9sent \u00e0 convaincre Donald Trump d&rsquo;imposer de nouvelles<br \/>\nsanctions.\n<\/p>\n<p>\n \u00ab\u00a0Nous devons faire davantage pression sur la Russie pour<br \/>\nobtenir un v\u00e9ritable cessez-le-feu, pour l&rsquo;amener \u00e0 la table des<br \/>\nn\u00e9gociations et pour mettre fin \u00e0 cette guerre, et les sanctions<br \/>\nsont essentielles \u00e0 cette fin\u00a0\u00bb, a d\u00e9clar\u00e9 Ursula von der Leyen<br \/>\nlors d&rsquo;une conf\u00e9rence de presse avant que la Grande-Bretagne, le<br \/>\nCanada, la France, l&rsquo;Allemagne, l&rsquo;Italie, le Japon et les<br \/>\nEtats-Unis n&rsquo;entament leurs pourparlers lundi.\n<\/p>\n<p>\n \u00ab\u00a0La semaine derni\u00e8re, nous avons propos\u00e9 un ensemble de 18<br \/>\nsanctions. J&rsquo;inviterai tous les partenaires du G7 \u00e0 se joindre \u00e0<br \/>\nnous dans cette entreprise.\u00a0\u00bb\n<\/p>\n<p>\n L&rsquo;attention mondiale s&rsquo;est port\u00e9e sur le Proche-Orient, o\u00f9<br \/>\nl&rsquo;offensive lanc\u00e9e vendredi par Isra\u00ebl sur l&rsquo;Iran fait craindre<br \/>\nque la r\u00e9gion ne s&#8217;embrase. La flamb\u00e9e des prix du p\u00e9trole qui<br \/>\ns&rsquo;en est suivie a renforc\u00e9 les inqui\u00e9tudes concernant l&rsquo;\u00e9conomie<br \/>\nmondiale.\n<\/p>\n<p>\n Ursula von der Leyen a d\u00e9clar\u00e9 qu&rsquo;elle et Donald Trump<br \/>\n\u00e9taient convenus que les pays partageant les m\u00eames id\u00e9es<br \/>\ndevaient pr\u00e9server la stabilit\u00e9 du march\u00e9, notamment sur les<br \/>\nmarch\u00e9s de l&rsquo;\u00e9nergie.\n<\/p>\n<p>\n \u00ab\u00a0Nous resterons \u00e9galement tr\u00e8s vigilants (sur) les<br \/>\nimplications pour les march\u00e9s internationaux de l&rsquo;\u00e9nergie\u00a0\u00bb,<br \/>\na-t-elle d\u00e9clar\u00e9.\n<\/p>\n<p>\n En ce qui concerne les n\u00e9gociations commerciales avec<br \/>\nl&rsquo;administration Trump, elle a d\u00e9clar\u00e9 qu&rsquo;elle pr\u00e9f\u00e9rait une<br \/>\nsolution n\u00e9goci\u00e9e avant la date limite du 9 juillet, mais que<br \/>\nl&rsquo;UE pr\u00e9parait des mesures d&rsquo;urgence au cas o\u00f9 aucun accord ne<br \/>\nserait conclu.\n<\/p>\n<p>\n Ursula von der Leyen s&rsquo;est \u00e9galement entretenue avec le<br \/>\nPremier ministre isra\u00e9lien, Benjamin Netanyahu, plus t\u00f4t dans la<br \/>\njourn\u00e9e de dimanche.\n<\/p>\n<p>\n Elle a r\u00e9affirm\u00e9 le droit d&rsquo;Isra\u00ebl \u00e0 se d\u00e9fendre, tout en<br \/>\nsoulignant qu&rsquo;une solution diplomatique \u00e9tait la meilleure<br \/>\noption \u00e0 long terme pour aborder le programme nucl\u00e9aire iranien.\n<\/p>\n<p>\n \u00ab\u00a0L&rsquo;Iran est la principale source d&rsquo;instabilit\u00e9 dans la<br \/>\nr\u00e9gion, et nous avons toujours \u00e9t\u00e9 tr\u00e8s clairs: l&rsquo;Iran ne pourra<br \/>\njamais avoir d&rsquo;arme nucl\u00e9aire\u00a0\u00bb, a dit Ursula von der Leyen.\n<\/p>\n<p>\n \u00ab\u00a0Les \u00e9v\u00e9nements r\u00e9cents ont mis en \u00e9vidence les liens<br \/>\ncroissants entre les conflits en Europe d&rsquo;une part et au<br \/>\nProche-Orient d&rsquo;autre part. Le m\u00eame type de drones et de<br \/>\nmissiles balistiques con\u00e7us et fabriqu\u00e9s par l&rsquo;Iran frappe sans<br \/>\ndiscrimination les villes d&rsquo;Ukraine et d&rsquo;Isra\u00ebl.\u00a0\u00bb\n<\/p>\n<p>\n (version fran\u00e7aise Camille Raynaud)<\/p>\n","protected":false},"excerpt":{"rendered":"par John Irish La pr\u00e9sidente de la Commission europ\u00e9enne, Ursula von der Leyen, a d\u00e9clar\u00e9 dimanche que davantage&hellip;\n","protected":false},"author":2,"featured_media":17400,"comment_status":"","ping_status":"","sticky":false,"template":"","format":"standard","meta":{"footnotes":""},"categories":[1591],"tags":[400,11,398,408,405,1887,403,402,399,404,12,1885,1886,132,401,406,407],"class_list":{"0":"post-179855","1":"post","2":"type-post","3":"status-publish","4":"format-standard","5":"has-post-thumbnail","7":"category-russie","8":"tag-action-cac-40","9":"tag-actualites","10":"tag-bourse-de-paris","11":"tag-boursorama","12":"tag-cotations","13":"tag-federation-de-russie","14":"tag-indices-devises","15":"tag-investir","16":"tag-investissement","17":"tag-marche-boursier","18":"tag-news","19":"tag-russia","20":"tag-russian-federation","21":"tag-russie","22":"tag-sicav","23":"tag-trackers","24":"tag-warrants"},"share_on_mastodon":{"url":"https:\/\/pubeurope.com\/@fr\/114690927062356779","error":""},"_links":{"self":[{"href":"https:\/\/www.europesays.com\/fr\/wp-json\/wp\/v2\/posts\/179855","targetHints":{"allow":["GET"]}}],"collection":[{"href":"https:\/\/www.europesays.com\/fr\/wp-json\/wp\/v2\/posts"}],"about":[{"href":"https:\/\/www.europesays.com\/fr\/wp-json\/wp\/v2\/types\/post"}],"author":[{"embeddable":true,"href":"https:\/\/www.europesays.com\/fr\/wp-json\/wp\/v2\/users\/2"}],"replies":[{"embeddable":true,"href":"https:\/\/www.europesays.com\/fr\/wp-json\/wp\/v2\/comments?post=179855"}],"version-history":[{"count":0,"href":"https:\/\/www.europesays.com\/fr\/wp-json\/wp\/v2\/posts\/179855\/revisions"}],"wp:featuredmedia":[{"embeddable":true,"href":"https:\/\/www.europesays.com\/fr\/wp-json\/wp\/v2\/media\/17400"}],"wp:attachment":[{"href":"https:\/\/www.europesays.com\/fr\/wp-json\/wp\/v2\/media?parent=179855"}],"wp:term":[{"taxonomy":"category","embeddable":true,"href":"https:\/\/www.europesays.com\/fr\/wp-json\/wp\/v2\/categories?post=179855"},{"taxonomy":"post_tag","embeddable":true,"href":"https:\/\/www.europesays.com\/fr\/wp-json\/wp\/v2\/tags?post=179855"}],"curies":[{"name":"wp","href":"https:\/\/api.w.org\/{rel}","templated":true}]}}