{"id":179858,"date":"2025-06-16T03:31:09","date_gmt":"2025-06-16T03:31:09","guid":{"rendered":"https:\/\/www.europesays.com\/fr\/179858\/"},"modified":"2025-06-16T03:31:09","modified_gmt":"2025-06-16T03:31:09","slug":"usa-un-suspect-en-garde-a-vue-apres-la-tuerie-dans-le-minnesota-presse-16-06-2025-a-0517","status":"publish","type":"post","link":"https:\/\/www.europesays.com\/fr\/179858\/","title":{"rendered":"USA-Un suspect en garde \u00e0 vue apr\u00e8s la tuerie dans le Minnesota-presse &#8211; 16\/06\/2025 \u00e0 05:17"},"content":{"rendered":"<p>\n par Tom Polansek et Nathan Layne\n<\/p>\n<p>\n La police am\u00e9ricaine a<br \/>\narr\u00eat\u00e9 dimanche un homme suspect\u00e9 d&rsquo;avoir tir\u00e9 samedi sur une<br \/>\n\u00e9lue d\u00e9mocrate et son mari en se faisant passer pour un<br \/>\npolicier, selon ABC News qui cite plusieurs sources.\n<\/p>\n<p>\n Selon ABC News, l&rsquo;homme a \u00e9t\u00e9 arr\u00eat\u00e9 pr\u00e8s de sa ferme \u00e0<br \/>\nGreen Isle, dans le Minnesota, mais le d\u00e9partement de la<br \/>\nS\u00e9curit\u00e9 publique de l&rsquo;Etat n&rsquo;a pas imm\u00e9diatement r\u00e9pondu \u00e0 une<br \/>\ndemande de commentaire.\n<\/p>\n<p>\n Une vaste chasse \u00e0 l&rsquo;homme avait \u00e9t\u00e9 lanc\u00e9e alors que le<br \/>\nsuspect, identifi\u00e9 par la police comme \u00e9tant Vance Luther<br \/>\nBoelter, avait  pris la fuite apr\u00e8s avoir ouvert le feu sur des<br \/>\npoliciers arriv\u00e9s au domicile de la premi\u00e8re d\u00e9mocrate \u00e0 la<br \/>\nChambre des repr\u00e9sentants du Minnesota, Melissa Hortman, et de<br \/>\nson mari, Mark, qui ont tous deux \u00e9t\u00e9 tu\u00e9s.\n<\/p>\n<p>\n L&rsquo;homme avait auparavant tir\u00e9 sur un autre \u00e9lu d\u00e9mocrate, le<br \/>\ns\u00e9nateur John Hoffman, et son \u00e9pouse Yvette \u00e0 leur domicile<br \/>\nsitu\u00e9 \u00e0 quelques kilom\u00e8tres de l\u00e0, ont indiqu\u00e9 les autorit\u00e9s.\n<\/p>\n<p>\n Vance Luther Boelter a des liens avec des \u00e9glises<br \/>\n\u00e9vang\u00e9liques et se pr\u00e9sente comme un expert en s\u00e9curit\u00e9 ayant<br \/>\nune exp\u00e9rience dans la bande de Gaza et en Afrique, selon des<br \/>\npublications en ligne et des documents publics examin\u00e9s par<br \/>\nReuters.\n<\/p>\n<p>\n Ce meurtre est le dernier en date d&rsquo;une s\u00e9rie d&rsquo;\u00e9v\u00e9nements<br \/>\ntr\u00e8s m\u00e9diatis\u00e9s sur la violence politique aux Etats-Unis, dont<br \/>\nl&rsquo;attaque contre le mari de l&rsquo;ancienne pr\u00e9sidente d\u00e9mocrate de<br \/>\nla Chambre des repr\u00e9sentants, Nancy Pelosi, en 2022, la<br \/>\ntentative d&rsquo;assassinat contre Donald Trump pendant la campagne<br \/>\npr\u00e9sidentielle de 2024, et l&rsquo;incendie criminel de la maison du<br \/>\ngouverneur de Pennsylvanie, Josh Shapiro, en avril dernier.\n<\/p>\n<p>\n (Tom Polansek et Nathan Layne; version fran\u00e7aise Camille<br \/>\nRaynaud)<\/p>\n","protected":false},"excerpt":{"rendered":"par Tom Polansek et Nathan Layne La police am\u00e9ricaine a arr\u00eat\u00e9 dimanche un homme suspect\u00e9 d&rsquo;avoir tir\u00e9 samedi&hellip;\n","protected":false},"author":2,"featured_media":2486,"comment_status":"","ping_status":"","sticky":false,"template":"","format":"standard","meta":{"footnotes":""},"categories":[1589],"tags":[400,11,398,408,405,73,1866,403,402,399,404,12,401,406,1864,1865,1863,308,407],"class_list":{"0":"post-179858","1":"post","2":"type-post","3":"status-publish","4":"format-standard","5":"has-post-thumbnail","7":"category-etats-unis","8":"tag-action-cac-40","9":"tag-actualites","10":"tag-bourse-de-paris","11":"tag-boursorama","12":"tag-cotations","13":"tag-etats-unis","14":"tag-etats-unis-damerique","15":"tag-indices-devises","16":"tag-investir","17":"tag-investissement","18":"tag-marche-boursier","19":"tag-news","20":"tag-sicav","21":"tag-trackers","22":"tag-united-states","23":"tag-united-states-of-america","24":"tag-us","25":"tag-usa","26":"tag-warrants"},"share_on_mastodon":{"url":"https:\/\/pubeurope.com\/@fr\/114690934915583738","error":""},"_links":{"self":[{"href":"https:\/\/www.europesays.com\/fr\/wp-json\/wp\/v2\/posts\/179858","targetHints":{"allow":["GET"]}}],"collection":[{"href":"https:\/\/www.europesays.com\/fr\/wp-json\/wp\/v2\/posts"}],"about":[{"href":"https:\/\/www.europesays.com\/fr\/wp-json\/wp\/v2\/types\/post"}],"author":[{"embeddable":true,"href":"https:\/\/www.europesays.com\/fr\/wp-json\/wp\/v2\/users\/2"}],"replies":[{"embeddable":true,"href":"https:\/\/www.europesays.com\/fr\/wp-json\/wp\/v2\/comments?post=179858"}],"version-history":[{"count":0,"href":"https:\/\/www.europesays.com\/fr\/wp-json\/wp\/v2\/posts\/179858\/revisions"}],"wp:featuredmedia":[{"embeddable":true,"href":"https:\/\/www.europesays.com\/fr\/wp-json\/wp\/v2\/media\/2486"}],"wp:attachment":[{"href":"https:\/\/www.europesays.com\/fr\/wp-json\/wp\/v2\/media?parent=179858"}],"wp:term":[{"taxonomy":"category","embeddable":true,"href":"https:\/\/www.europesays.com\/fr\/wp-json\/wp\/v2\/categories?post=179858"},{"taxonomy":"post_tag","embeddable":true,"href":"https:\/\/www.europesays.com\/fr\/wp-json\/wp\/v2\/tags?post=179858"}],"curies":[{"name":"wp","href":"https:\/\/api.w.org\/{rel}","templated":true}]}}