{"id":179867,"date":"2025-06-16T03:36:11","date_gmt":"2025-06-16T03:36:11","guid":{"rendered":"https:\/\/www.europesays.com\/fr\/179867\/"},"modified":"2025-06-16T03:36:11","modified_gmt":"2025-06-16T03:36:11","slug":"courage-fuyons-lechec-dalpine-provoque-le-depart-de-luca-de-meo-f1i-autojournal-fr","status":"publish","type":"post","link":"https:\/\/www.europesays.com\/fr\/179867\/","title":{"rendered":"Courage, fuyons : l&#039;\u00e9chec d&#039;Alpine provoque le d\u00e9part de Luca de Meo ! &#8211; f1i.autojournal.fr"},"content":{"rendered":"<ol>\n<li><a href=\"https:\/\/news.google.com\/rss\/articles\/CBMitAFBVV95cUxQU1hUUXJMem9fQWhLdnp1UXBiN0NMUEFCMkJyM2VhcnVaaTlFTWt1LUN2Sk1FUjJROXlMNFZ0ZnFUSTFnRFpxdjJLY200aUduUzVGaEtyaEFvMHMxV2I0eFFnY2h4UWZpRV82Nnoyb0psemxaMDhobndMT2ctWVBEXzZPb2FJbjliOUpXSHFzMjdvWDVhMkVCT2VFcEpmVGo5TXBfMThZZ0RQakRuR1VEdERCcFI?oc=5\" target=\"_blank\" rel=\"noopener\">Courage, fuyons : l&rsquo;\u00e9chec d&rsquo;Alpine provoque le d\u00e9part de Luca de Meo !<\/a>&nbsp;&nbsp;f1i.autojournal.fr<\/li>\n<li><a href=\"https:\/\/news.google.com\/rss\/articles\/CBMijwFBVV95cUxOSEF2dG5UZVVkN0p5eW51THBVcVdiTy1SLWhCNFBQNnhVdjJudEwyUlNHa3N0VW1YMEtmcExDVnFQeTEyRVduMTFkeThfa2FjTGEzSTN2amVyU21CWFIybEZzYlBKODdQd3lqVFB0TGwyUmhWeGZuX295UVpDVEFoZkVjYjJZLW16M2JkVlN5cw?oc=5\" target=\"_blank\" rel=\"noopener\">Luca de Meo quitte Renault et rejoint Kering<\/a>&nbsp;&nbsp;Le Figaro<\/li>\n<li><a href=\"https:\/\/news.google.com\/rss\/articles\/CBMipgJBVV95cUxPSVRWT2NLQmtYZFgyYjhQV0VVZ0Z6QjRWdExrTS1odVZwa1AtOHlfMGtTT1hNbFA5OFFpczJKMVF5ZVpacnJQbmlqeGhGV3BxYUM0d0NGeXplcDJ5WVV1MS1RQVpJWkdfME16Y3pDdG1pWDA5V1VNY01TNFlMR3VhVFV0S1ctejgySlRoajRaeHZhWXUwRFRseWI0eTBkR0JydkNGWUdmeWppY3V3c0pHdUxIRkx2WlJiY2lNRUpBS0gzakdvbmw1cXFtS1ZGRGNhSGNBM1N1QzJsdjVtdHUtVmtsd3VGUF9MSjNxQURqNEtBNGs1alZPWDB4bHhBb1JpbWM3bTRlcHRYNTZqWDFBbzVYZ3h1SFVMMTdrTURGSE9BdlZuZEE?oc=5\" target=\"_blank\" rel=\"noopener\">Luca de Meo, d\u00e9missionnaire surprise de Renault, appel\u00e9 \u00e0 la rescousse au sein du groupe Kering pour seconder Fran\u00e7ois-Henri Pinault<\/a>&nbsp;&nbsp;Le Monde.fr<\/li>\n<li><a href=\"https:\/\/news.google.com\/rss\/articles\/CBMiqwFBVV95cUxOZktvNjg3bHY4cGRzWm42MkRtUUZIWmwzWC1ZZ09mcnRoUUYwR0NvcC1aMDJwZkU4V254ZlhqQU9oWC1YV0s1d2NqbVhRa3pzUGZIeGE1WVNrcWNZU3ltamNrLV9SNVlFbVdTVUFKUWhsTjQyUThPaDIyaGdNTnJuaFdlaTk0TDhRU1JBNEJHTnZSN0k2UUpQSFVReVFQY2tGZ2g3S3RYYk1BM2M?oc=5\" target=\"_blank\" rel=\"noopener\">Le directeur g\u00e9n\u00e9ral de Renault, Luca de Meo, va quitter l\u2019entreprise<\/a>&nbsp;&nbsp;20 Minutes<\/li>\n<li><a href=\"https:\/\/news.google.com\/rss\/articles\/CBMivAFBVV95cUxQeEIzWG9Kdm5GNVc4UXZiNTR0T2tXVTgzd29CRzZhSEFFbzljeUVHcmY5dHJ5eGIwUkFWTi1wRkZTZW1ISC02WElaZkdFNjR3aXlpZXU0cjI3Q1NLak1fMFZxTjF3YURraTFEVGE0bnNNZmx0akwwbEJZZnYwOXhkR0o0d0NDX1pZQlpwVUZ6MVBYOVNHcXAzMGgzOXo2YzR1VDBOX1ZOaEpTOS11TFB6WWtiT2VUNXBEREZ0LQ?oc=5\" target=\"_blank\" rel=\"noopener\">Quel bilan pour Luca de Meo, qui quitte Renault ?<\/a>&nbsp;&nbsp;Le Point<\/li>\n<\/ol>\n","protected":false},"excerpt":{"rendered":"Courage, fuyons : l&rsquo;\u00e9chec d&rsquo;Alpine provoque le d\u00e9part de Luca de Meo !&nbsp;&nbsp;f1i.autojournal.fr Luca de Meo quitte Renault&hellip;\n","protected":false},"author":2,"featured_media":179868,"comment_status":"","ping_status":"","sticky":false,"template":"","format":"standard","meta":{"footnotes":""},"categories":[2],"tags":[11,2674,31682,1011,27,12,25],"class_list":{"0":"post-179867","1":"post","2":"type-post","3":"status-publish","4":"format-standard","5":"has-post-thumbnail","7":"category-actualites","8":"tag-actualites","9":"tag-alpine","10":"tag-de-meo","11":"tag-fr","12":"tag-france","13":"tag-news","14":"tag-republique-francaise"},"share_on_mastodon":{"url":"https:\/\/pubeurope.com\/@fr\/114690954606782632","error":""},"_links":{"self":[{"href":"https:\/\/www.europesays.com\/fr\/wp-json\/wp\/v2\/posts\/179867","targetHints":{"allow":["GET"]}}],"collection":[{"href":"https:\/\/www.europesays.com\/fr\/wp-json\/wp\/v2\/posts"}],"about":[{"href":"https:\/\/www.europesays.com\/fr\/wp-json\/wp\/v2\/types\/post"}],"author":[{"embeddable":true,"href":"https:\/\/www.europesays.com\/fr\/wp-json\/wp\/v2\/users\/2"}],"replies":[{"embeddable":true,"href":"https:\/\/www.europesays.com\/fr\/wp-json\/wp\/v2\/comments?post=179867"}],"version-history":[{"count":0,"href":"https:\/\/www.europesays.com\/fr\/wp-json\/wp\/v2\/posts\/179867\/revisions"}],"wp:featuredmedia":[{"embeddable":true,"href":"https:\/\/www.europesays.com\/fr\/wp-json\/wp\/v2\/media\/179868"}],"wp:attachment":[{"href":"https:\/\/www.europesays.com\/fr\/wp-json\/wp\/v2\/media?parent=179867"}],"wp:term":[{"taxonomy":"category","embeddable":true,"href":"https:\/\/www.europesays.com\/fr\/wp-json\/wp\/v2\/categories?post=179867"},{"taxonomy":"post_tag","embeddable":true,"href":"https:\/\/www.europesays.com\/fr\/wp-json\/wp\/v2\/tags?post=179867"}],"curies":[{"name":"wp","href":"https:\/\/api.w.org\/{rel}","templated":true}]}}