{"id":179877,"date":"2025-06-16T03:42:15","date_gmt":"2025-06-16T03:42:15","guid":{"rendered":"https:\/\/www.europesays.com\/fr\/179877\/"},"modified":"2025-06-16T03:42:15","modified_gmt":"2025-06-16T03:42:15","slug":"a-stuttgart-taylor-fritz-decroche-le-quatrieme-titre-sur-gazon-de-sa-carriere","status":"publish","type":"post","link":"https:\/\/www.europesays.com\/fr\/179877\/","title":{"rendered":"\u00e0 Stuttgart, Taylor Fritz d\u00e9croche le quatri\u00e8me titre sur gazon de sa carri\u00e8re"},"content":{"rendered":"<p>L\u2019Am\u00e9ricain a pris le meilleur en finale sur l\u2019Allemand Alexander Zverev.<\/p>\n<p class=\"fig-paragraph\">L&rsquo;Am\u00e9ricain Taylor Fritz, 7e joueur mondial, a remport\u00e9 le tournoi ATP 250 de Stuttgart (sud de l&rsquo;Allemagne), en dominant en finale le num\u00e9ro 3 mondial Alexander Zverev en deux sets 6-3, 7-6 (7-0), dimanche apr\u00e8s-midi. \u00c0 27 ans, Taylor Fritz remporte son quatri\u00e8me titre ATP sur gazon apr\u00e8s Eastbourne (Angleterre) en 2019, 2022 et 2024. C&rsquo;est le neuvi\u00e8me tournoi remport\u00e9 par l&rsquo;Am\u00e9ricain, le premier en 2025.<\/p>\n<p class=\"fig-paragraph\">De son c\u00f4t\u00e9, Zverev, r\u00e9cent quart-de-finaliste \u00e0 Roland-Garros, devra encore patienter pour soulever le troph\u00e9e d&rsquo;un tournoi sur gazon, lui a d\u00e9j\u00e0 remport\u00e9 24 tournois, le dernier en date sur l&rsquo;ocre de Munich en avril. L&rsquo;Allemand de 28 ans disputait sa premi\u00e8re finale sur cette surface depuis 2017 et celle perdue \u00e0 Halle (Allemagne), contre le Suisse Roger Federer.<\/p>\n","protected":false},"excerpt":{"rendered":"L\u2019Am\u00e9ricain a pris le meilleur en finale sur l\u2019Allemand Alexander Zverev. L&rsquo;Am\u00e9ricain Taylor Fritz, 7e joueur mondial, a&hellip;\n","protected":false},"author":2,"featured_media":179878,"comment_status":"","ping_status":"","sticky":false,"template":"","format":"standard","meta":{"footnotes":""},"categories":[1415],"tags":[47,4169,525,1981,4178,4179,1011,27,1114,3996,4177,4176,4174,4175,1980,4171,60,1467,4172,4173,4170],"class_list":{"0":"post-179877","1":"post","2":"type-post","3":"status-publish","4":"format-standard","5":"has-post-thumbnail","7":"category-tennis","8":"tag-actualite","9":"tag-atp","10":"tag-calendrier","11":"tag-classement","12":"tag-coupe-davis","13":"tag-fed-cup","14":"tag-fr","15":"tag-france","16":"tag-infos","17":"tag-jeux-olympiques","18":"tag-masters-1000","19":"tag-masters-500","20":"tag-masters-series","21":"tag-open-daustralie","22":"tag-resultats","23":"tag-roland-garros","24":"tag-sports","25":"tag-tennis","26":"tag-us-open","27":"tag-wimbledon","28":"tag-wta"},"share_on_mastodon":{"url":"https:\/\/pubeurope.com\/@fr\/114690978140576798","error":""},"_links":{"self":[{"href":"https:\/\/www.europesays.com\/fr\/wp-json\/wp\/v2\/posts\/179877","targetHints":{"allow":["GET"]}}],"collection":[{"href":"https:\/\/www.europesays.com\/fr\/wp-json\/wp\/v2\/posts"}],"about":[{"href":"https:\/\/www.europesays.com\/fr\/wp-json\/wp\/v2\/types\/post"}],"author":[{"embeddable":true,"href":"https:\/\/www.europesays.com\/fr\/wp-json\/wp\/v2\/users\/2"}],"replies":[{"embeddable":true,"href":"https:\/\/www.europesays.com\/fr\/wp-json\/wp\/v2\/comments?post=179877"}],"version-history":[{"count":0,"href":"https:\/\/www.europesays.com\/fr\/wp-json\/wp\/v2\/posts\/179877\/revisions"}],"wp:featuredmedia":[{"embeddable":true,"href":"https:\/\/www.europesays.com\/fr\/wp-json\/wp\/v2\/media\/179878"}],"wp:attachment":[{"href":"https:\/\/www.europesays.com\/fr\/wp-json\/wp\/v2\/media?parent=179877"}],"wp:term":[{"taxonomy":"category","embeddable":true,"href":"https:\/\/www.europesays.com\/fr\/wp-json\/wp\/v2\/categories?post=179877"},{"taxonomy":"post_tag","embeddable":true,"href":"https:\/\/www.europesays.com\/fr\/wp-json\/wp\/v2\/tags?post=179877"}],"curies":[{"name":"wp","href":"https:\/\/api.w.org\/{rel}","templated":true}]}}