{"id":179879,"date":"2025-06-16T03:43:18","date_gmt":"2025-06-16T03:43:18","guid":{"rendered":"https:\/\/www.europesays.com\/fr\/179879\/"},"modified":"2025-06-16T03:43:18","modified_gmt":"2025-06-16T03:43:18","slug":"des-evenements-avec-les-equipes-de-france-a-montpellier-dans-les-annees-a-venir-annonce-le-president-de-la-ffbb","status":"publish","type":"post","link":"https:\/\/www.europesays.com\/fr\/179879\/","title":{"rendered":"\u00ab\u00a0Des \u00e9v\u00e9nements avec les \u00e9quipes de France \u00e0 Montpellier dans les ann\u00e9es \u00e0 venir\u00a0\u00bb, annonce le pr\u00e9sident de la FFBB"},"content":{"rendered":"<p>\n                                                                Vice-pr\u00e9sident de la f\u00e9d\u00e9ration fran\u00e7aise pendant 14 ans, Jean-Pierre Hunckler a \u00e9t\u00e9 \u00e9lu en d\u00e9cembre pour succ\u00e9der \u00e0 Jean-Pierre Siutat. \u00c0 65 ans, le Lig\u00e9rien dirige d\u00e9sormais l\u2019une des plus grosses f\u00e9d\u00e9rations sportives en France. Entretien.\n                            <\/p>\n<p class=\"txt-question\">Quels sont les principaux chantiers de la FFBB\u00a0?<\/p>\n<p>Nous devons trouver des solutions pour continuer d\u2019accueillir de nouveaux licenci\u00e9s puisque nos clubs sont \u00e0 saturation. Nous avons un devoir de service public, on doit permettre aux jeunes du sport et du basket-ball en particulier. Ensuite, nous avons l\u2019ambition de rester au plus haut niveau de performance. La France est consid\u00e9r\u00e9e comme l\u2019un des meilleurs pays de formation au monde. On doit continuer le travail pour aller chercher ces m\u00e9dailles d\u2019or. Cela paraissait inatteignable il y a 20 ans, les Jeux Olympiques nous ont prouv\u00e9 que nous n\u2019\u00e9tions pas si loin de \u00e7a. On a fait douter la nation am\u00e9ricaine chez les filles comme les gar\u00e7ons. On peut profiter d\u2019une belle g\u00e9n\u00e9ration au moins jusqu\u2019en 2032 avec des jeunes qui sont attach\u00e9s au maillot fran\u00e7ais.<\/p>\n<p class=\"txt-question\">Quelles sont les pistes pour aider les clubs \u00e0 recevoir de nouveaux licenci\u00e9s\u00a0?<\/p>\n<p>On refuse des licenci\u00e9s parce qu\u2019il manque des cr\u00e9neaux dans les salles mais aussi des dirigeants. Je souhaite qu\u2019on am\u00e9nage un dipl\u00f4me d\u2019encadrant simplifi\u00e9 pour les b\u00e9n\u00e9voles. Les clubs structur\u00e9s pourraient avoir des antennes pour d\u2019autres pratiques que le 5&#215;5 traditionnel\u00a0: le 3&#215;3, le basket inclusif, l\u2019insertion par le sport, le basket sant\u00e9\u2026 Toutes ses activit\u00e9s peuvent se d\u00e9rouler en dehors des salles.<\/p>\n<p class=\"txt-question\">Dans la M\u00e9tropole de Montpellier, le BLMA est en haut de l\u2019affiche. Comment poursuivre le d\u00e9veloppement de la pratique pour les f\u00e9minines\u00a0?<\/p>\n<p>Le nombre de licenci\u00e9s augmente de 4\u00a0% chez\u00a0les\u00a0filles contre 2\u00a0% pour\u00a0les gar\u00e7ons.\u00a0L\u2019impact des Jeux est visible. Par ailleurs, il existe un vrai enjeu avec la mont\u00e9e en puissance de la WNBA qui veut cr\u00e9er de nouvelles franchises\u00a0avec le risque que l\u2019Europe soit vid\u00e9e de ses meilleures joueuses. J\u2019envisage un travail avec les clubs pour que le basket fran\u00e7ais continue d\u2019\u00eatre attrayant.<\/p>\n<p>\u00ab\u00a0Ce qui se fait \u00e0 Montpellier est extraordinaire\u00a0\u00bb<\/p>\n<p class=\"txt-question\">La NBA a des projets qui avancent en Europe. Cela vous inqui\u00e8te-t-il\u00a0?<\/p>\n<p>Nous sommes attentifs. Je soutiens la volont\u00e9 de l\u2019Euroligue, de la NBA et de la Fiba de se mettre autour d\u2019une table. Il n\u2019y a pas la place pour deux ligues en plus de toutes les Coupes d\u2019Europe. Je suis satisfait de voir que les dirigeants fran\u00e7ais sont au c\u0153ur des discussions \u00e0 l\u2019image de Tony Parker et Ga\u00ebtan Muller.<\/p>\n<p class=\"txt-question\">Le basket professionnel masculin n\u2019existe plus \u00e0 Montpellier. Est-ce un probl\u00e8me selon vous\u00a0?<\/p>\n<p>Je trouve que ce qui se fait \u00e0 Montpellier est extraordinaire. Sans locomotive, des clubs arrivent \u00e0 faire un gros travail pour former des jeunes. Mais sur le long terme, il faut une locomotive pour que les jeunes puissent rester dans la r\u00e9gion et que ceux qui n\u2019ont pas r\u00e9ussi au plus haut niveau puissent revenir enrichir les clubs locaux.<\/p>\n<p class=\"txt-question\">Est-il pr\u00e9vu que les \u00e9quipes de France viennent jouer\u00a0\u00e0 Montpellier\u00a0?<\/p>\n<p>On a \u00e9voqu\u00e9 ce sujet avec le conseil r\u00e9gional, la M\u00e9tropole et la Ville de Montpellier. On discute d\u2019un projet.\u00a0Il y aura des \u00e9v\u00e9nements avec les \u00e9quipes de France \u00e0 Montpellier dans les ann\u00e9es qui viennent. Cela peut \u00eatre en 2026 ou 2027 en pr\u00e9paration de grandes comp\u00e9titions.<\/p>\n","protected":false},"excerpt":{"rendered":"Vice-pr\u00e9sident de la f\u00e9d\u00e9ration fran\u00e7aise pendant 14 ans, Jean-Pierre Hunckler a \u00e9t\u00e9 \u00e9lu en d\u00e9cembre pour succ\u00e9der \u00e0&hellip;\n","protected":false},"author":2,"featured_media":179880,"comment_status":"","ping_status":"","sticky":false,"template":"","format":"standard","meta":{"footnotes":""},"categories":[1414],"tags":[1465,1464,1011,27,60],"class_list":{"0":"post-179879","1":"post","2":"type-post","3":"status-publish","4":"format-standard","5":"has-post-thumbnail","7":"category-basket","8":"tag-basket","9":"tag-basketball","10":"tag-fr","11":"tag-france","12":"tag-sports"},"share_on_mastodon":{"url":"https:\/\/pubeurope.com\/@fr\/114690982158162294","error":""},"_links":{"self":[{"href":"https:\/\/www.europesays.com\/fr\/wp-json\/wp\/v2\/posts\/179879","targetHints":{"allow":["GET"]}}],"collection":[{"href":"https:\/\/www.europesays.com\/fr\/wp-json\/wp\/v2\/posts"}],"about":[{"href":"https:\/\/www.europesays.com\/fr\/wp-json\/wp\/v2\/types\/post"}],"author":[{"embeddable":true,"href":"https:\/\/www.europesays.com\/fr\/wp-json\/wp\/v2\/users\/2"}],"replies":[{"embeddable":true,"href":"https:\/\/www.europesays.com\/fr\/wp-json\/wp\/v2\/comments?post=179879"}],"version-history":[{"count":0,"href":"https:\/\/www.europesays.com\/fr\/wp-json\/wp\/v2\/posts\/179879\/revisions"}],"wp:featuredmedia":[{"embeddable":true,"href":"https:\/\/www.europesays.com\/fr\/wp-json\/wp\/v2\/media\/179880"}],"wp:attachment":[{"href":"https:\/\/www.europesays.com\/fr\/wp-json\/wp\/v2\/media?parent=179879"}],"wp:term":[{"taxonomy":"category","embeddable":true,"href":"https:\/\/www.europesays.com\/fr\/wp-json\/wp\/v2\/categories?post=179879"},{"taxonomy":"post_tag","embeddable":true,"href":"https:\/\/www.europesays.com\/fr\/wp-json\/wp\/v2\/tags?post=179879"}],"curies":[{"name":"wp","href":"https:\/\/api.w.org\/{rel}","templated":true}]}}