{"id":17988,"date":"2025-04-11T18:43:08","date_gmt":"2025-04-11T18:43:08","guid":{"rendered":"https:\/\/www.europesays.com\/fr\/17988\/"},"modified":"2025-04-11T18:43:08","modified_gmt":"2025-04-11T18:43:08","slug":"de-barbie-a-papon-et-touvier-le-cineaste-gabriel-le-bomin-passeur-memoriel-de-lhistoire","status":"publish","type":"post","link":"https:\/\/www.europesays.com\/fr\/17988\/","title":{"rendered":"De Barbie \u00e0 Papon et Touvier, le cin\u00e9aste Gabriel Le Bomin, passeur m\u00e9moriel de l&rsquo;Histoire"},"content":{"rendered":"<p>Le Bastiais Gabriel Le Bomin, \u00ab\u00a0enfant\u00a0\u00bb du Riacquistu, s&rsquo;est impos\u00e9 dans le monde du cin\u00e9ma fran\u00e7ais. Passionn\u00e9 par l&rsquo;Histoire, sa filmographie, depuis ses courts m\u00e9trages jusqu&rsquo;aux longs, t\u00e9moigne d&rsquo;une riche pluralit\u00e9\u00a0: il a notamment sign\u00e9\u00a0Les Fragments d&rsquo;Antonin\u00a0avec Gregori Derang\u00e8re, Anouk Grinberg, Niels Arestrup, Insoup\u00e7onnable\u00a0avec Charles Berling et Laura Smet, Nos Patriotes avec Marc\u00a0Zinga, Alexandra Lamy, et De Gaulle avec Lambert Wilson, Isabelle Carr\u00e9, Olivier Gourmet. Pour la t\u00e9l\u00e9vision, il r\u00e9alise des fictions pour Arte et des documentaires majeurs tels que Guerre d&rsquo;Alg\u00e9rie, la d\u00e9chirure ou Apr\u00e8s la Guerre, l&rsquo;impossible oubli 1919-1920.<\/p>\n<p>Pour Dana Productions et France T\u00e9l\u00e9visions, il signe Le Proc\u00e8s de Klaus Barbie, diffus\u00e9 ce 8\u00a0avril, Le Proc\u00e8s de Maurice Papon dont la diffusion est programm\u00e9e le 16\u00a0avril dans le cadre de la s\u00e9rie Crimes contre l&rsquo;humanit\u00e9. Gabriel le Bomin a co\u00e9crit \u00e9galement\u00a0Le Proc\u00e8s de Touvier r\u00e9alis\u00e9 par Antoine de Maux, Val\u00e9rie Ranson Enguiale \u00e9tant coauteure de ces deux derniers documentaires.<\/p>\n<p>Disons-le tout de suite, Le Proc\u00e8s Barbie,\u00a0\u00a0qu&rsquo;ont pu d\u00e9couvrir les t\u00e9l\u00e9spectateurs est \u00e0 la hauteur du Chagrin et la piti\u00e9 de Marcel Oph\u00fcls et du travail de m\u00e9moire historique effectu\u00e9 par Alain de S\u00e9douy et Andr\u00e9 Harris. Une totale r\u00e9ussite, rendant hommage aussi au journaliste de TF1 Ladislas de Hoyos, qui devrait \u00eatre diffus\u00e9e au sein du monde scolaire. Elle a \u00e9t\u00e9 salu\u00e9e unanimement, ce qui est rarissime, par la presse nationale, de L&rsquo;Humanit\u00e9 au Figaro, en passant par La Croix, Lib\u00e9ration\u00a0et Le Monde.<\/p>\n<p>Gabriel Le Bomin se confie \u00e0 Corse-Matin.<\/p>\n","protected":false},"excerpt":{"rendered":"Le Bastiais Gabriel Le Bomin, \u00ab\u00a0enfant\u00a0\u00bb du Riacquistu, s&rsquo;est impos\u00e9 dans le monde du cin\u00e9ma fran\u00e7ais. Passionn\u00e9 par&hellip;\n","protected":false},"author":2,"featured_media":17989,"comment_status":"","ping_status":"","sticky":false,"template":"","format":"standard","meta":{"footnotes":""},"categories":[1354],"tags":[17,7207,7210,58,59,1346,1011,27,7211,937,1360,7209,5912,4486,7208],"class_list":{"0":"post-17988","1":"post","2":"type-post","3":"status-publish","4":"format-standard","5":"has-post-thumbnail","7":"category-films","8":"tag-17","9":"tag-barbie","10":"tag-cineaste","11":"tag-divertissement","12":"tag-entertainment","13":"tag-films","14":"tag-fr","15":"tag-france","16":"tag-gabriel","17":"tag-histoire","18":"tag-movies","19":"tag-papon","20":"tag-par","21":"tag-passant","22":"tag-touvier"},"share_on_mastodon":{"url":"https:\/\/pubeurope.com\/@fr\/114320808674644805","error":""},"_links":{"self":[{"href":"https:\/\/www.europesays.com\/fr\/wp-json\/wp\/v2\/posts\/17988","targetHints":{"allow":["GET"]}}],"collection":[{"href":"https:\/\/www.europesays.com\/fr\/wp-json\/wp\/v2\/posts"}],"about":[{"href":"https:\/\/www.europesays.com\/fr\/wp-json\/wp\/v2\/types\/post"}],"author":[{"embeddable":true,"href":"https:\/\/www.europesays.com\/fr\/wp-json\/wp\/v2\/users\/2"}],"replies":[{"embeddable":true,"href":"https:\/\/www.europesays.com\/fr\/wp-json\/wp\/v2\/comments?post=17988"}],"version-history":[{"count":0,"href":"https:\/\/www.europesays.com\/fr\/wp-json\/wp\/v2\/posts\/17988\/revisions"}],"wp:featuredmedia":[{"embeddable":true,"href":"https:\/\/www.europesays.com\/fr\/wp-json\/wp\/v2\/media\/17989"}],"wp:attachment":[{"href":"https:\/\/www.europesays.com\/fr\/wp-json\/wp\/v2\/media?parent=17988"}],"wp:term":[{"taxonomy":"category","embeddable":true,"href":"https:\/\/www.europesays.com\/fr\/wp-json\/wp\/v2\/categories?post=17988"},{"taxonomy":"post_tag","embeddable":true,"href":"https:\/\/www.europesays.com\/fr\/wp-json\/wp\/v2\/tags?post=17988"}],"curies":[{"name":"wp","href":"https:\/\/api.w.org\/{rel}","templated":true}]}}