{"id":179893,"date":"2025-06-16T03:51:30","date_gmt":"2025-06-16T03:51:30","guid":{"rendered":"https:\/\/www.europesays.com\/fr\/179893\/"},"modified":"2025-06-16T03:51:30","modified_gmt":"2025-06-16T03:51:30","slug":"je-nai-adresse-la-parole-a-personne-pendant-le-tournage-sara-mortensen-se-souvient-de-cette-anecdote-folle-sur-la-serie","status":"publish","type":"post","link":"https:\/\/www.europesays.com\/fr\/179893\/","title":{"rendered":"\u00ab\u00a0Je n&rsquo;ai adress\u00e9 la parole \u00e0 personne pendant le tournage\u00a0\u00bb, Sara Mortensen se souvient de cette anecdote folle sur la s\u00e9rie"},"content":{"rendered":"<p>Lors du 64\u00e8me Festival de t\u00e9l\u00e9vision de Monte-Carlo, Sara Mortensen est revenue sur sa pr\u00e9paration pour jouer son personnage dans la s\u00e9rie polici\u00e8re Astrid et Rapha\u00eblle. Et l&rsquo;actrice a confi\u00e9 au public cette anecdote folle sur le tout premier \u00e9pisode de la fiction. <\/p>\n<p>Le 64\u00e8me Festival de t\u00e9l\u00e9vision de Monte-Carlo se poursuit dans la principaut\u00e9 mon\u00e9gasque ! Apr\u00e8s <a href=\"https:\/\/www.programme-tv.net\/news\/series-tv\/381129-judith-light-ingrid-chauvin-agathe-auproux-enceinte-jaz-sinclair-les-stars-glamour-au-festival-de-television-de-monte-carlo\/\" data-api-deeplink=\"teleloisirs:\/\/news\/381129\" target=\"_blank\" rel=\"noopener\">le tapis bleu d&rsquo;ouverture<\/a>, les premi\u00e8res interviews, notamment <a href=\"https:\/\/www.programme-tv.net\/news\/series-tv\/381150-jean-luc-reichmann-annonce-une-bonne-nouvelle-pour-les-lecteurs-de-tele-loisirs-et-les-fans-de-leo-mattei\/\" data-api-deeplink=\"teleloisirs:\/\/news\/381150\" target=\"_blank\" rel=\"noopener\">une dans laquelle Jean-Luc Reichmann a annonc\u00e9 une excellente nouvelle aux fans de L\u00e9o Matt\u00e9\u00ef<\/a>, et <a href=\"https:\/\/photo.programme-tv.net\/joeystarrr-judith-light-famke-janssen-une-soiree-sur-la-plage-a-monte-carlo-65553\" target=\"_blank\" rel=\"noopener\">une soir\u00e9e sur la plage o\u00f9 ont d\u00e9fil\u00e9 Joeystarr, Famke Janssen, Jaz Sinclair ou encore Judith Light<\/a>, cette \u00e9dition continue avec de nouvelles interviews et rencontres. Au cours d&rsquo;un \u00e9change avec le public, Sara Mortensen s&rsquo;est rem\u00e9mor\u00e9 une anecdote sur les d\u00e9buts d&rsquo;Astrid et Rapha\u00eblle.<\/p>\n<p>\u00ab\u00a0J&rsquo;avais peur\u00a0\u00bb : cette technique particuli\u00e8re de Sara Mortensen pour incarner son personnage dans le premier \u00e9pisode d&rsquo;Astrid et Rapha\u00eblle<\/p>\n<p>Au lendemain de l&rsquo;interview accord\u00e9e \u00e0 T\u00e9l\u00e9-Loisirs, <a href=\"https:\/\/www.programme-tv.net\/news\/series-tv\/381151-exclu-astrid-et-raphaelle-on-ne-m-a-pas-dit-de-ne-pas-le-dire-sara-mortensen-annonce-une-grande-nouvelle\/\" data-api-deeplink=\"teleloisirs:\/\/news\/381151\" target=\"_blank\" rel=\"noopener\">au cours de laquelle elle avait pr\u00e9dit un avenir radieux pour Astrid et Rapha\u00eblle<\/a>, Sara Mortensen \u00e9tait l&rsquo;une des intervenantes d&rsquo;une rencontre organis\u00e9e avec le public mon\u00e9gasque autour des h\u00e9ros des fictions de France T\u00e9l\u00e9visions. Lors de cet \u00e9v\u00e9nement, auquel participaient \u00e9galement <a href=\"https:\/\/www.programme-tv.net\/biographie\/3543-bernier-michele\/\" data-link-people=\"5a48aaed-22d7-4cb0-99e3-4f4822f19b08\" target=\"_blank\" rel=\"noopener\">Mich\u00e8le Bernier<\/a> (La Stagiaire), Bernard Yerl\u00e8s (Alexandra Ehle), \u00c9l\u00e9onore Bernheim et <a href=\"https:\/\/www.programme-tv.net\/biographie\/2652-gob-nicolas\/\" data-link-people=\"d3c119ca-7a2f-48f4-87ea-1eb6eec64391\" target=\"_blank\" rel=\"noopener\">Nicolas Gob<\/a> (L&rsquo;art du crime), la comparse de <a href=\"https:\/\/www.programme-tv.net\/biographie\/190821-dewaere-lola\/\" data-link-people=\"3dda6cd4-41ed-4810-b5a5-50507519e904\" target=\"_blank\" rel=\"noopener\">Lola Dewaere<\/a> dans Astrid et Rapha\u00eblle est revenue sur une anecdote sur sa crainte initiale \u00e0 jouer la documentaliste Astrid Nielsen, atteinte de troubles du spectre de l&rsquo;autisme : \u00ab\u00a0Je ne rentre pas dans la peau de mes personnages. Les personnages rentrent chez moi, a ainsi commenc\u00e9 la com\u00e9dienne. Incarner au d\u00e9part Astrid a \u00e9t\u00e9 un vrai challenge. Sur l&rsquo;\u00e9pisode pilote, dont le tournage a dur\u00e9 21 jours, je n&rsquo;ai adress\u00e9 la parole \u00e0 personne sur le plateau. J&rsquo;\u00e9tais dans un coin, extr\u00eamement concentr\u00e9e parce que j&rsquo;avais peur de blesser quelqu&rsquo;un par mon interpr\u00e9tation, d&rsquo;\u00eatre ridicule. Ce personnage est vraiment sur un fil. J&rsquo;esp\u00e9rais que tout cela fonctionne et qu&rsquo;au bout du tunnel, la magie op\u00e8re.\u00a0\u00bb<\/p>\n<p>                        Astrid et Rapha\u00eblle : Bernard Yerl\u00e8s (Alexandra Ehle) salue la performance de Sara Mortensen dans la s\u00e9rie polici\u00e8re de France 2<\/p>\n<p>Pr\u00e9sent lors de cette rencontre, <a href=\"https:\/\/www.programme-tv.net\/biographie\/7227-yerles-bernard\/\" data-link-people=\"e423dcfe-03c5-44f0-8ea2-a75d7b73f0c8\" target=\"_blank\" rel=\"noopener\">Bernard Yerl\u00e8s<\/a> a confi\u00e9 au public qu&rsquo;il avait vu de ses propres yeux la performance de Sara Mortensen dans le r\u00f4le d&rsquo;Astrid. Il est en effet apparu dans <a href=\"https:\/\/www.programme-tv.net\/news\/series-tv\/363923-astrid-raphaelle-et-alexandra-ehle-faut-il-regarder-le-crossover-inedit-entre-les-trois-heroines-diffuse-vendredi-1er-novembre-2024-notre-avis\/\" data-api-deeplink=\"teleloisirs:\/\/news\/363923\" target=\"_blank\" rel=\"noopener\">le crossover entre Astrid et Rapha\u00eblle et Alexandra Ehle<\/a>, la s\u00e9rie dans laquelle il donne la r\u00e9plique \u00e0 <a href=\"https:\/\/www.programme-tv.net\/biographie\/19161-depardieu-julie\/\" data-link-people=\"6ee0563d-1d29-4173-bf45-5c9bae171733\" target=\"_blank\" rel=\"noopener\">Julie Depardieu<\/a>. Et ce qu&rsquo;il a vu l&rsquo;a bluff\u00e9 : \u00ab\u00a0J&rsquo;ai pu voir la concentration de Sara. C&rsquo;est vraiment un travail impressionnant \u00e0 voir. Parfois nous [les autres com\u00e9diens, ndlr], on peut se permettre de sortir un peu de nos personnages. Mais elle, non. Je tiens \u00e0 souligner que c&rsquo;est un vrai et beau travail de concentration et de jeu.\u00a0\u00bb Cette observation minutieuse du jeu de Sara Mortensen, Bernard Yerl\u00e8s pourra la poursuivre prochainement, sur le tournage du <a href=\"https:\/\/www.programme-tv.net\/news\/series-tv\/363956-astrid-raphaelle-et-alexandra-ehle-y-aura-t-il-un-autre-telefilm-inedit-avec-les-trois-heroines-on-a-la-reponse\/\" data-api-deeplink=\"teleloisirs:\/\/news\/363956\" target=\"_blank\" rel=\"noopener\">2\u00e8me crossover entre Astrid et Rapha\u00eblle et Alexandra Ehle<\/a>.<\/p>\n","protected":false},"excerpt":{"rendered":"Lors du 64\u00e8me Festival de t\u00e9l\u00e9vision de Monte-Carlo, Sara Mortensen est revenue sur sa pr\u00e9paration pour jouer son&hellip;\n","protected":false},"author":2,"featured_media":179894,"comment_status":"","ping_status":"","sticky":false,"template":"","format":"standard","meta":{"footnotes":""},"categories":[1356],"tags":[22201,244,58,59,31241,1011,27,2173,22200,252,1364],"class_list":{"0":"post-179893","1":"post","2":"type-post","3":"status-publish","4":"format-standard","5":"has-post-thumbnail","7":"category-television","8":"tag-astrid-et-raphau00eblle","9":"tag-commentaire","10":"tag-divertissement","11":"tag-entertainment","12":"tag-festival-de-tu00e9lu00e9vision-de-monte-carlo","13":"tag-fr","14":"tag-france","15":"tag-interview","16":"tag-sara-mortensen","17":"tag-television","18":"tag-tv"},"share_on_mastodon":{"url":"https:\/\/pubeurope.com\/@fr\/114691013649938564","error":""},"_links":{"self":[{"href":"https:\/\/www.europesays.com\/fr\/wp-json\/wp\/v2\/posts\/179893","targetHints":{"allow":["GET"]}}],"collection":[{"href":"https:\/\/www.europesays.com\/fr\/wp-json\/wp\/v2\/posts"}],"about":[{"href":"https:\/\/www.europesays.com\/fr\/wp-json\/wp\/v2\/types\/post"}],"author":[{"embeddable":true,"href":"https:\/\/www.europesays.com\/fr\/wp-json\/wp\/v2\/users\/2"}],"replies":[{"embeddable":true,"href":"https:\/\/www.europesays.com\/fr\/wp-json\/wp\/v2\/comments?post=179893"}],"version-history":[{"count":0,"href":"https:\/\/www.europesays.com\/fr\/wp-json\/wp\/v2\/posts\/179893\/revisions"}],"wp:featuredmedia":[{"embeddable":true,"href":"https:\/\/www.europesays.com\/fr\/wp-json\/wp\/v2\/media\/179894"}],"wp:attachment":[{"href":"https:\/\/www.europesays.com\/fr\/wp-json\/wp\/v2\/media?parent=179893"}],"wp:term":[{"taxonomy":"category","embeddable":true,"href":"https:\/\/www.europesays.com\/fr\/wp-json\/wp\/v2\/categories?post=179893"},{"taxonomy":"post_tag","embeddable":true,"href":"https:\/\/www.europesays.com\/fr\/wp-json\/wp\/v2\/tags?post=179893"}],"curies":[{"name":"wp","href":"https:\/\/api.w.org\/{rel}","templated":true}]}}