{"id":179901,"date":"2025-06-16T03:56:10","date_gmt":"2025-06-16T03:56:10","guid":{"rendered":"https:\/\/www.europesays.com\/fr\/179901\/"},"modified":"2025-06-16T03:56:10","modified_gmt":"2025-06-16T03:56:10","slug":"laetitia-provenchere-familles-nombreuses-revient-sur-la-mort-de-son-mari-guillaume-alors-quelle-etait-enceinte-de-triplees","status":"publish","type":"post","link":"https:\/\/www.europesays.com\/fr\/179901\/","title":{"rendered":"La\u00ebtitia Provench\u00e8re (Familles nombreuses) revient sur la mort de son mari Guillaume alors qu\u2019elle \u00e9tait enceinte de tripl\u00e9es"},"content":{"rendered":"<p>Invit\u00e9e \u00e0 se confier dans le podcast \u00ab\u00a0Parents\u00a0\u00bb, <strong>diffus\u00e9 sur Instagram<\/strong>, La\u00ebtitia Provench\u00e8re a accept\u00e9 d&rsquo;en dire un peu plus sur sa vie au quotidien.<\/p>\n<p>Son parcours de maman solo avait beaucoup touch\u00e9 les t\u00e9l\u00e9spectateurs de l&rsquo;\u00e9mission Familles nombreuses : la vie en XXL. Aujourd&rsquo;hui, elle revient notamment sur <strong>la mort de son mari Guillaume<\/strong>, alors qu&rsquo;elle attendait des tripl\u00e9es.<\/p>\n<p>La\u00ebtitia Provench\u00e8re partage son quotidien<\/p>\n<p>La\u00ebtitia Provench\u00e8re fait son retour dans la nouvelle saison de <a href=\"https:\/\/www.public.fr\/familles-nombreuses-les-enfants-de-la-famille-saffre-prives-de-cadeaux-de-noel-la-reponse-de-la-maman-en-direct-du-maroc\" rel=\"nofollow noopener\" target=\"_blank\">Familles nombreuses : la vie en XXL<\/a>, actuellement diffus\u00e9e sur TF1. Certaines familles <strong>d\u00e9cident de quitter l&rsquo;\u00e9mission<\/strong>, mais elle a choisi de continuer l&rsquo;aventure, aux c\u00f4t\u00e9s de son nouveau compagnon. Les t\u00e9l\u00e9spectateurs pourront \u00e9videmment retrouver No\u00eblya, Lyna et Emmy, les tripl\u00e9es<strong> qui font leur entr\u00e9e en maternelle<\/strong>. Nolann, leur grand fr\u00e8re, rejoindra sa classe de CP.<\/p>\n<p><strong>Dans le podcast \u00ab\u00a0Parents\u00a0\u00bb<\/strong>, La\u00ebtitia Provench\u00e8re a \u00e9voqu\u00e9 son quotidien, bien loin de ce qu&rsquo;il \u00e9tait quand elle \u00e9tait encore assistante commerciale dans la s\u00e9curit\u00e9 incendie. Aujourd&rsquo;hui, elle parvient \u00e0 se r\u00e9mun\u00e9rer gr\u00e2ce \u00e0 sa pr\u00e9sence sur Instagram, <strong>un choix qu&rsquo;elle assume parfaitement<\/strong>.<\/p>\n<p>Un d\u00e9c\u00e8s tragique qui bouleverse la vie de la famille<\/p>\n<p>La\u00ebtitia Provench\u00e8re n&rsquo;a pas \u00e9lud\u00e9 <strong>le drame de sa vie<\/strong> : la mort tragique de <a href=\"https:\/\/www.public.fr\/star-de-familles-nombreuses-la-vie-en-xxl-elle-annonce-a-ses-enfants-la-mort-de-son-mari\" rel=\"nofollow noopener\" target=\"_blank\">son mari Guillaume<\/a>, d\u00e9c\u00e9d\u00e9 dans un accident de travail alors qu&rsquo;elle \u00e9tait enceinte de leurs tripl\u00e9es. Elle explique avoir pu surmonter cette \u00e9preuve <strong>gr\u00e2ce \u00e0 ses enfants<\/strong>.<\/p>\n<p>Nolann, son fils a\u00een\u00e9, a \u00e9t\u00e9 d&rsquo;un grand soutien. Elle \u00e9tait au d\u00e9but de sa grossesse quand Guillaume est mort. Elle a donc choisi <strong>de s&rsquo;accrocher \u00e0 ces petites filles<\/strong> \u00e0 na\u00eetre et qui lui ont donn\u00e9 la force d&rsquo;avancer. Bien s\u00fbr, la m\u00e9moire de son ancien mari reste vivante dans les discussions qu&rsquo;elle peut avoir avec ses enfants. La\u00ebtitia Provench\u00e8re n&rsquo;h\u00e9site pas \u00e0 leur parler de leur p\u00e8re, <strong>\u00e0 partager ses souvenirs<\/strong>.<\/p>\n<p>La nouvelle vie de La\u00ebtitia Provench\u00e8re sur Instagram<\/p>\n<p>Sur son compte Instagram, <a href=\"https:\/\/www.public.fr\/familles-nombreuses-laetitia-provenchere-presente-enfin-son-nouveau-compagnon-pour-2025\" rel=\"nofollow noopener\" target=\"_blank\">La\u00ebtitia Provench\u00e8re<\/a> <strong>partage son quotidien<\/strong> et raconte son histoire, sans aucun filtre. \u00ab\u00a0C&rsquo;\u00e9tait important pour moi de montrer que voil\u00e0, on a tous des \u00e9tapes dans nos vies, plus ou moins faciles, <strong>mais qu&rsquo;on peut tous s&rsquo;en sortir<\/strong>\u00ab\u00a0, explique-t-elle.<\/p>\n<p>Cette maman de quatre enfants parvient \u00e0 <strong>g\u00e9rer son activit\u00e9 sur Instagram<\/strong>, notamment quand ses enfants sont \u00e0 l&rsquo;\u00e9cole. Les journ\u00e9es sont charg\u00e9es, mais La\u00ebtitia Provench\u00e8re n&rsquo;a pas peur du travail. Ses moments pr\u00e9f\u00e9r\u00e9s restent <strong>ceux pass\u00e9s avec sa famille<\/strong>. \u00ab\u00a0Les meilleurs moments, ce sont quand m\u00eame les moments c\u00e2lins, que ce soit au r\u00e9veil ou le soir avant d&rsquo;aller se coucher. M\u00eame s&rsquo;il y a toujours un peu de chamaillerie au cours de la journ\u00e9e, <strong>on y trouve toujours un peu de bonheur<\/strong>\u00ab\u00a0, confie-t-elle \u00e9galement.<\/p>\n<p>      Mentionn\u00e9s dans cet article<\/p>\n<p>\u00c0 lire aussi<\/p>\n","protected":false},"excerpt":{"rendered":"Invit\u00e9e \u00e0 se confier dans le podcast \u00ab\u00a0Parents\u00a0\u00bb, diffus\u00e9 sur Instagram, La\u00ebtitia Provench\u00e8re a accept\u00e9 d&rsquo;en dire un&hellip;\n","protected":false},"author":2,"featured_media":179902,"comment_status":"","ping_status":"","sticky":false,"template":"","format":"standard","meta":{"footnotes":""},"categories":[8],"tags":[58,59,4980,1011,27],"class_list":{"0":"post-179901","1":"post","2":"type-post","3":"status-publish","4":"format-standard","5":"has-post-thumbnail","7":"category-divertissement","8":"tag-divertissement","9":"tag-entertainment","10":"tag-familles-nombreuses-la-vie-en-xxl","11":"tag-fr","12":"tag-france"},"share_on_mastodon":{"url":"https:\/\/pubeurope.com\/@fr\/114691033449997259","error":""},"_links":{"self":[{"href":"https:\/\/www.europesays.com\/fr\/wp-json\/wp\/v2\/posts\/179901","targetHints":{"allow":["GET"]}}],"collection":[{"href":"https:\/\/www.europesays.com\/fr\/wp-json\/wp\/v2\/posts"}],"about":[{"href":"https:\/\/www.europesays.com\/fr\/wp-json\/wp\/v2\/types\/post"}],"author":[{"embeddable":true,"href":"https:\/\/www.europesays.com\/fr\/wp-json\/wp\/v2\/users\/2"}],"replies":[{"embeddable":true,"href":"https:\/\/www.europesays.com\/fr\/wp-json\/wp\/v2\/comments?post=179901"}],"version-history":[{"count":0,"href":"https:\/\/www.europesays.com\/fr\/wp-json\/wp\/v2\/posts\/179901\/revisions"}],"wp:featuredmedia":[{"embeddable":true,"href":"https:\/\/www.europesays.com\/fr\/wp-json\/wp\/v2\/media\/179902"}],"wp:attachment":[{"href":"https:\/\/www.europesays.com\/fr\/wp-json\/wp\/v2\/media?parent=179901"}],"wp:term":[{"taxonomy":"category","embeddable":true,"href":"https:\/\/www.europesays.com\/fr\/wp-json\/wp\/v2\/categories?post=179901"},{"taxonomy":"post_tag","embeddable":true,"href":"https:\/\/www.europesays.com\/fr\/wp-json\/wp\/v2\/tags?post=179901"}],"curies":[{"name":"wp","href":"https:\/\/api.w.org\/{rel}","templated":true}]}}