{"id":179903,"date":"2025-06-16T03:57:23","date_gmt":"2025-06-16T03:57:23","guid":{"rendered":"https:\/\/www.europesays.com\/fr\/179903\/"},"modified":"2025-06-16T03:57:23","modified_gmt":"2025-06-16T03:57:23","slug":"il-y-a-50-000-ans-homo-sapiens-sest-hybride-avec-dautres-especes-humaines","status":"publish","type":"post","link":"https:\/\/www.europesays.com\/fr\/179903\/","title":{"rendered":"Il y a 50 000 ans, Homo sapiens s\u2019est hybrid\u00e9 avec d\u2019autres esp\u00e8ces humaines"},"content":{"rendered":"<p>L\u2019\u00e9tude de l\u2019<a href=\"https:\/\/www.geo.fr\/histoire\/ce-que-de-l-adn-ancien-revele-sur-les-epidemies-du-passe-et-celles-de-demain-226897\" rel=\"nofollow noopener\" target=\"_blank\">ADN<\/a> fait des miracles. En 2008, une analyse g\u00e9n\u00e9tique de fragments de phalanges et de dents trouv\u00e9s dans la grotte de Denisova, dans les montagnes de l\u2019<a href=\"https:\/\/www.geo.fr\/voyage\/instantane-de-photographe-montagnes-colorees-du-massif-de-laltai-par-tuul-et-bruno-morandi-202858\" rel=\"nofollow noopener\" target=\"_blank\">Alta\u00ef<\/a>, en Sib\u00e9rie du Sud, a r\u00e9v\u00e9l\u00e9 l\u2019existence d\u2019un groupe jusqu\u2019alors m\u00e9connu : surnomm\u00e9s <a href=\"https:\/\/www.geo.fr\/histoire\/les-mysterieux-secrets-de-survie-des-denisoviens-cousins-des-neandertaliens-reveles-dans-une-etude-221054\" rel=\"nofollow noopener\" target=\"_blank\">d\u00e9nisoviens<\/a> par les scientifiques, ils ont v\u00e9cu entre 285\u2000000 et 50\u2000000 ans avant le pr\u00e9sent (AP). Donc contemporains des <a href=\"https:\/\/www.geo.fr\/histoire\/une-grotte-israelienne-devoile-des-liens-inattendus-entre-homo-sapiens-et-l-homme-de-neandertal-225127\" rel=\"nofollow noopener\" target=\"_blank\">Homo sapiens<\/a> (apparus il y a au moins 300\u2000000 ans) et des hommes de <a href=\"https:\/\/www.geo.fr\/histoire\/une-empreinte-digitale-vieille-de-43-000-ans-relance-le-debat-sur-l-art-chez-neandertal-226816\" rel=\"nofollow noopener\" target=\"_blank\">N\u00e9andertal<\/a> (400\u2000000 \u00e0 40\u2000000 ans AP). \u00abG\u00e9n\u00e9tiquement, les d\u00e9nisoviens sont proches mais distincts des n\u00e9andertaliens et des Homo sapiens\u00bb, ont pr\u00e9cis\u00e9 les chercheurs, en 2010, dans la revue Nature.<\/p>\n<p>Cette interf\u00e9condit\u00e9 a jou\u00e9 un r\u00f4le cl\u00e9 dans l\u2019\u00e9volution d\u2019Homo sapiens<\/p>\n<p>D\u2019autres analyses ont suivi, r\u00e9v\u00e9lant un fait tout aussi important : d\u00e9nisoviens, n\u00e9andertaliens et Sapiens se sont \u00abhybrid\u00e9s\u00bb durant le <a href=\"https:\/\/www.geo.fr\/histoire\/les-sapiens-de-la-fin-du-paleolithique-etaient-comme-nous-226933\" rel=\"nofollow noopener\" target=\"_blank\">Pal\u00e9olithique <\/a>moyen (entre 350\u2000000 et 45\u2000000 AP). En effet, en 2018, l\u2019\u00e9tude d\u2019un morceau d\u2019os provenant de la grotte de Denisova a attest\u00e9 l\u2019existence d\u2019un individu issu d\u2019un d\u00e9nisovien et d\u2019une n\u00e9andertalienne ! La th\u00e8se jusqu\u2019alors admise selon laquelle la grotte \u00e9tait peupl\u00e9e uniquement de d\u00e9nisoviens a \u00e9t\u00e9 abandonn\u00e9e. Les chercheurs estiment que cette interf\u00e9condit\u00e9 a jou\u00e9 un r\u00f4le cl\u00e9 dans l\u2019\u00e9volution d\u2019Homo sapiens apr\u00e8s son d\u00e9part d\u2019Afrique pour l\u2019Europe, il y a environ 50\u2000000 ans : la rencontre de repr\u00e9sentants de notre esp\u00e8ce avec des groupes n\u00e9andertaliens et d\u00e9nisoviens, bien adapt\u00e9s \u00e0 leur environnement, leur aurait fourni les <a href=\"https:\/\/www.geo.fr\/environnement\/interaction-entre-genes-est-elle-cle-pour-rendre-evolution-un-peu-plus-previsible-derive-genetique-ecosysteme-invisible-218301\" rel=\"nofollow noopener\" target=\"_blank\">g\u00e8nes<\/a> essentiels \u00e0 leur survie dans ces nouveaux milieux, plus froids que ceux dont ils venaient.<\/p>\n<p>\u27a4 Article paru dans le magazine GEO Histoire, \u00ab\u00a0Pr\u00e9histoire, comment vivaient nos anc\u00eatres ?\u00a0\u00bb, de mai-juin 2025.<\/p>\n<p>\u27a4 Vous \u00eates d\u00e9j\u00e0 fid\u00e8le au contenu GEO ? Alors pour ne rien manquer, d\u00e9couvrez nos <a href=\"https:\/\/www.prismashop.fr\/tous-les-magazines\/histoire\/geo-histoire.html\" rel=\"nofollow noopener\" target=\"_blank\">formules d&rsquo;abonnement <\/a>pour recevoir chaque mois GEO chez vous en toute simplicit\u00e9.<\/p>\n","protected":false},"excerpt":{"rendered":"L\u2019\u00e9tude de l\u2019ADN fait des miracles. En 2008, une analyse g\u00e9n\u00e9tique de fragments de phalanges et de dents&hellip;\n","protected":false},"author":2,"featured_media":179904,"comment_status":"","ping_status":"","sticky":false,"template":"","format":"standard","meta":{"footnotes":""},"categories":[7],"tags":[1011,27,43,40,41,39,42,44],"class_list":{"0":"post-179903","1":"post","2":"type-post","3":"status-publish","4":"format-standard","5":"has-post-thumbnail","7":"category-sciences-et-technologies","8":"tag-fr","9":"tag-france","10":"tag-science","11":"tag-science-and-technology","12":"tag-sciences","13":"tag-sciences-et-technologies","14":"tag-technologies","15":"tag-technology"},"share_on_mastodon":{"url":"https:\/\/pubeurope.com\/@fr\/114691037177926412","error":""},"_links":{"self":[{"href":"https:\/\/www.europesays.com\/fr\/wp-json\/wp\/v2\/posts\/179903","targetHints":{"allow":["GET"]}}],"collection":[{"href":"https:\/\/www.europesays.com\/fr\/wp-json\/wp\/v2\/posts"}],"about":[{"href":"https:\/\/www.europesays.com\/fr\/wp-json\/wp\/v2\/types\/post"}],"author":[{"embeddable":true,"href":"https:\/\/www.europesays.com\/fr\/wp-json\/wp\/v2\/users\/2"}],"replies":[{"embeddable":true,"href":"https:\/\/www.europesays.com\/fr\/wp-json\/wp\/v2\/comments?post=179903"}],"version-history":[{"count":0,"href":"https:\/\/www.europesays.com\/fr\/wp-json\/wp\/v2\/posts\/179903\/revisions"}],"wp:featuredmedia":[{"embeddable":true,"href":"https:\/\/www.europesays.com\/fr\/wp-json\/wp\/v2\/media\/179904"}],"wp:attachment":[{"href":"https:\/\/www.europesays.com\/fr\/wp-json\/wp\/v2\/media?parent=179903"}],"wp:term":[{"taxonomy":"category","embeddable":true,"href":"https:\/\/www.europesays.com\/fr\/wp-json\/wp\/v2\/categories?post=179903"},{"taxonomy":"post_tag","embeddable":true,"href":"https:\/\/www.europesays.com\/fr\/wp-json\/wp\/v2\/tags?post=179903"}],"curies":[{"name":"wp","href":"https:\/\/api.w.org\/{rel}","templated":true}]}}