{"id":179920,"date":"2025-06-16T04:07:18","date_gmt":"2025-06-16T04:07:18","guid":{"rendered":"https:\/\/www.europesays.com\/fr\/179920\/"},"modified":"2025-06-16T04:07:18","modified_gmt":"2025-06-16T04:07:18","slug":"toulon-ecrase-castres-et-file-en-demie-contre-lubb","status":"publish","type":"post","link":"https:\/\/www.europesays.com\/fr\/179920\/","title":{"rendered":"Toulon \u00e9crase Castres et file en demie contre l\u2019UBB"},"content":{"rendered":"<p><strong><a data-ilj-link-preview=\"true\" data-excerpt=\"Le club de rugby de Toulon est un club professionnel fran\u00e7ais bas\u00e9 dans le d\u00e9partement du Var. Fond\u00e9 en 1908, il \u00e9volue en Top 14.&#013;&#010;Staff et pr\u00e9sidence :&#013;&#010;&#013;&#010; &#009;Pr\u00e9sident : Bernard Lema\u00eetre&#013;&#010; &#009;Entra\u00eeneur : Pierre Mignoni&#013;&#010;&#013;&#010;Palmar\u00e8s du RCT :&#013;&#010;Palmar\u00e8s du Rugby Club Toulonnais&#013;&#010;&#013;&#010;&#013;&#010;Comp\u00e9tition&#013;&#010;Titres&#013;&#010;Ann\u00e9es&#013;&#010;&#013;&#010;&#013;&#010;&#013;&#010;&#013;&#010;Championnat de France de premi\u00e8re division&#013;&#010;Champion (4)&#013;&#010;1931, 1987, 1992, 2014&#013;&#010;&#013;&#010;&#013;&#010;Championnat de France de deuxi\u00e8me division&#013;&#010;Champion (2)&#013;&#010;2005, 2008&#013;&#010;&#013;&#010;&#013;&#010;Coupe d&#039;Europe&#013;&#010;Champion (3)&#013;&#010;2013, 2014, 2015&#013;&#010;&#013;&#010;&#013;&#010;Challenge Cup&#013;&#010;Champion (1)&#013;&#010;2023\" href=\"https:\/\/www.xvovalie.com\/toulon\/\" target=\"_blank\" rel=\"noopener\">Toulon<\/a> s\u2019est offert une d\u00e9monstration majuscule samedi soir \u00e0 Mayol en balayant <a data-ilj-link-preview=\"true\" data-excerpt=\"Le Castres Olympiques est un club du sud-ouest, fond\u00e9 en 1906, qui \u00e9volue en Top 14.&#013;&#010;Staff et pr\u00e9sidence :&#013;&#010;&#013;&#010; &#009;Pr\u00e9sident : Pierre-Yves Revol&#013;&#010; &#009;Entra\u00eeneur : Xavier Sadourny&#013;&#010; &#009;Yannick Caballero (touche)&#013;&#010; &#009;Karena Wihongi (m\u00eal\u00e9e)&#013;&#010; &#009;Steven Setephano (d\u00e9fense)&#013;&#010;&#013;&#010;Le palmar\u00e8s du CO :&#013;&#010;&#013;&#010;&#013;&#010;&#013;&#010;Comp\u00e9tition&#013;&#010;Titres&#013;&#010;Ann\u00e9es&#013;&#010;&#013;&#010;&#013;&#010;Championnat de France&#013;&#010;5&#013;&#010;1949, 1950, 1993, 2013, 2018&#013;&#010;&#013;&#010;&#013;&#010;Championnat de France de 2e division&#013;&#010;1&#013;&#010;1989&#013;&#010;&#013;&#010;&#013;&#010;Coupe de France&#013;&#010;1&#013;&#010;1948&#013;&#010;&#013;&#010;&#013;&#010;Bouclier europ\u00e9en&#013;&#010;1&#013;&#010;2003&#013;&#010;&#013;&#010;&#013;&#010;Vice-champion de France&#013;&#010;3&#013;&#010;1995, 2014, 2022&#013;&#010;&#013;&#010;&#013;&#010;Finaliste du Challenge europ\u00e9en&#013;&#010;2&#013;&#010;1997, 2000&#013;&#010;&#013;&#010;&#013;&#010;&#013;&#010;\u00a0\" href=\"https:\/\/www.xvovalie.com\/castres-olympique\/\" target=\"_blank\" rel=\"noopener\">Castres<\/a> (52-23)<\/strong> lors du barrage du Top 14. Devant un stade bouillant, les Varois ont sign\u00e9 leur retour en demi-finale huit ans apr\u00e8s, port\u00e9s par un duo Jaminet-Wainiqolo en feu. Prochain arr\u00eat\u00a0: <a data-ilj-link-preview=\"true\" data-excerpt=\"Le club de rugby de Lyon \u00e9volue actuellement en Top 14.&#013;&#010;Staff et pr\u00e9sidence :&#013;&#010;&#013;&#010; &#009;Pr\u00e9sident : Yann Roubert&#013;&#010; &#009;Entra\u00eeneur : Fabien Gengenbacher&#013;&#010; &#009;Julien Puricelli (avants)&#013;&#010; &#009;Alan-Basson Zondagh (arri\u00e8res)&#013;&#010; &#009;Arnaud H\u00e9guy (m\u00eal\u00e9e)&#013;&#010; &#009;Coenie Basson (d\u00e9fense)&#013;&#010;&#013;&#010;Palmar\u00e8s :&#013;&#010;&#013;&#010;&#013;&#010;&#013;&#010;Comp\u00e9tition&#013;&#010;Titres&#013;&#010;Ann\u00e9es&#013;&#010;&#013;&#010;&#013;&#010;Championnat de France de 1\u00e8re division&#013;&#010;2&#013;&#010;1932, 1933&#013;&#010;&#013;&#010;&#013;&#010;Championnat de France de Pro D2&#013;&#010;3&#013;&#010;2011, 2014, 2016&#013;&#010;&#013;&#010;&#013;&#010;Championnat de France de 2e division&#013;&#010;2&#013;&#010;1989, 1992&#013;&#010;&#013;&#010;&#013;&#010;Challenge Yves du Manoir&#013;&#010;1&#013;&#010;1933&#013;&#010;&#013;&#010;&#013;&#010;Challenge europ\u00e9en&#013;&#010;1&#013;&#010;2022\" href=\"https:\/\/www.xvovalie.com\/lyon\/\" target=\"_blank\" rel=\"noopener\">Lyon<\/a>, face \u00e0 <a data-ilj-link-preview=\"true\" data-excerpt=\"L\u2019Union Bordeaux B\u00e8gles (UBB) a \u00e9t\u00e9 cr\u00e9\u00e9e en 2008 suite \u00e0 la fusion du Club athl\u00e9tique B\u00e8glais et du Stade bordelais universit\u00e9 club. Le club \u00e9volue en Top 14.&#013;&#010;Staff et pr\u00e9sidence :&#013;&#010;&#013;&#010; &#009;Pr\u00e9sident : Laurent Marti&#013;&#010; &#009;Entra\u00eeneur : Yannick Bru&#013;&#010;&#013;&#010;Palmar\u00e8s de l&#039;UBB&#013;&#010;&#013;&#010;&#013;&#010;&#013;&#010;Comp\u00e9tition&#013;&#010;Palmar\u00e8s&#013;&#010;&#013;&#010;&#013;&#010;Championnat de France de Pro D2&#013;&#010;Vainqueur du barrage d&#039;accession en Top 14 en 2011&#013;&#010;&#013;&#010;&#013;&#010;Championnat de France de Top 14&#013;&#010;Demi-finaliste en 2021 et 2022&#013;&#010;&#013;&#010;&#013;&#010;Coupe d&#039;Europe de rugby \u00e0 XV&#013;&#010;Demi-finaliste en 2021&#013;&#010;&#013;&#010;&#013;&#010;Challenge europ\u00e9en de rugby \u00e0 XV&#013;&#010;Demi-finaliste en 2020&#013;&#010;&#013;&#010;&#013;&#010;Championnat de France espoirs&#013;&#010;Vainqueur en 2016&#013;&#010;&#013;&#010;&#013;&#010;&#013;&#010;\u00a0\" href=\"https:\/\/www.xvovalie.com\/bordeaux-begles\/\" target=\"_blank\" rel=\"noopener\">Bordeaux-B\u00e8gles<\/a>.<\/p>\n<p>Castres y a cru\u2026 avant de craquer<\/p>\n<p>Le match avait pourtant d\u00e9marr\u00e9 dans un vrai climat de <strong>phases finales \u00e0 l\u2019ancienne<\/strong>, avec du combat, du rythme et une grosse tension. <strong>Papali\u2019i avait m\u00eame refroidi Mayol<\/strong> avec un essai de d\u00e9m\u00e9nageur en premi\u00e8re p\u00e9riode (3-7, 19e), juste apr\u00e8s un carton jaune (et commotion) pour Le Brun, premier grain de sable dans l\u2019engrenage tarnais.<\/p>\n<p>Malgr\u00e9 une belle r\u00e9sistance et un jeu intelligent, <strong>les Castrais ont \u00e9t\u00e9 frapp\u00e9s de plein fouet par la malchance<\/strong>. Apr\u00e8s Le Brun, c\u2019est <strong>Geoffrey Palis<\/strong> qui sortait bless\u00e9 juste avant la pause. Derri\u00e8re, le puzzle se disloque. Sadourny avait choisi un banc \u00e0 six avants, misant sur l\u2019impact physique. Mauvais tirage ce soir-l\u00e0\u00a0: <strong>il a fallu bricoler dans les lignes arri\u00e8re<\/strong> avec Fernandez \u00e0 la m\u00eal\u00e9e, Arata \u00e0 l\u2019aile et Dumora \u00e0 l\u2019ouverture.<\/p>\n<p>Et en face, Toulon prenait son temps pour monter en puissance.<\/p>\n<p>Un deuxi\u00e8me acte de furie rouge et noire<\/p>\n<p>Retour des vestiaires, changement de d\u00e9cor. Le RCT acc\u00e9l\u00e8re. <strong>Jaminet surgit et aplatit<\/strong> (51e), lan\u00e7ant une avalanche de points. En dix minutes, <strong><a href=\"https:\/\/www.xvovalie.com\/tag\/baptiste-serin\/\" target=\"_blank\" rel=\"noopener\">Serin<\/a><\/strong>, <strong>Isa<\/strong>, <strong>White<\/strong>, <strong>Nonu<\/strong> puis <strong><a href=\"https:\/\/www.xvovalie.com\/tag\/jiuta-wainiqolo\/\" target=\"_blank\" rel=\"noopener\">Wainiqolo<\/a><\/strong> font plier un CO \u00e0 bout de souffle.<\/p>\n<p>Score final\u00a0: <strong>52-23<\/strong>. Et surtout, <strong>40 points inscrits par Toulon en seconde p\u00e9riode<\/strong>, contre une seule r\u00e9plique castraise (essai de Fernandez \u00e0 la 60e). Autant dire que <strong>le CO a disparu des radars apr\u00e8s l\u2019heure de jeu<\/strong>.<\/p>\n<p>Wainiqolo, Jaminet, Nonu\u00a0: les artistes \u00e9taient l\u00e0<\/p>\n<p>Difficile de passer \u00e0 c\u00f4t\u00e9 du r\u00e9cital sign\u00e9 <strong>Jiuta Wainiqolo<\/strong>, intenable de bout en bout. V\u00e9ritable fus\u00e9e sur son aile, le Fidjien a multipli\u00e9 les coups d\u2019\u00e9clat avec <strong>quatre franchissements et 136 m\u00e8tres parcourus ballon en main<\/strong>, avant de conclure la soir\u00e9e avec un essai plein de panache \u00e0 la derni\u00e8re minute. \u00c0 ses c\u00f4t\u00e9s, <strong><a href=\"https:\/\/www.xvovalie.com\/tag\/melvyn-jaminet\/\" target=\"_blank\" rel=\"noopener\">Melvyn Jaminet<\/a><\/strong> a jou\u00e9 les m\u00e9tronomes. Le n\u00b015 du RCT a align\u00e9 les points au pied avec une pr\u00e9cision chirurgicale (27 unit\u00e9s au total), avant de s\u2019inviter \u00e0 la table des marqueurs d\u00e8s la reprise avec un essai bien senti.<\/p>\n<p>Et puis il y a eu <strong>Ma\u2019a Nonu<\/strong>, entr\u00e9 en fin de match dans une ambiance charg\u00e9e d\u2019\u00e9motion. Pour sa <strong>derni\u00e8re apparition \u00e0 Mayol<\/strong>, le double champion du monde n\u2019a pas fait de la figuration. Opportuniste, puissant, il a aplati \u00e0 la 78e minute pour signer un d\u00e9part en forme de clin d\u2019\u0153il. \u00c0 eux trois, ils ont incarn\u00e9 l\u2019intensit\u00e9, la justesse et le panache d\u2019un Toulon en pleine mont\u00e9e en r\u00e9gime.<\/p>\n<p>Castres au bout du bout<\/p>\n<p>Rien \u00e0 reprocher \u00e0 Castres sur l\u2019engagement. <strong>Ils ont tenu t\u00eate \u00e0 14<\/strong>, ils ont m\u00eame men\u00e9. Mais <strong>les blessures ont tout d\u00e9traqu\u00e9<\/strong>, et la suite a \u00e9t\u00e9 trop dure \u00e0 g\u00e9rer. Sans rep\u00e8res, avec une ligne arri\u00e8re recompos\u00e9e \u00e0 chaque phase de jeu, <strong>le CO a perdu le fil<\/strong>. En seconde p\u00e9riode, les automatismes ont vol\u00e9 en \u00e9clats, les efforts physiques ont pes\u00e9, et les Varois n\u2019ont fait aucun cadeau.<\/p>\n<p>C\u2019est une fin s\u00e8che, mais pas honteuse. Sadourny et ses joueurs sortent rinc\u00e9s, mais fiers d\u2019avoir accroch\u00e9 ce barrage dans une saison difficile. Le CO sera encore l\u00e0 l\u2019an prochain.<\/p>\n<p>Direction Lyon pour d\u00e9fier l\u2019UBB<\/p>\n<p>Toulon retrouvera <strong>l\u2019Union Bordeaux-B\u00e8gles en demi-finale<\/strong>, le week-end prochain \u00e0 Lyon. Un gros morceau, certes champion d\u2019Europe, mais qui sait que <strong>le RCT a retrouv\u00e9 ses crocs<\/strong>. La dynamique est l\u00e0, l\u2019envie est palpable, et l\u2019\u00e9quipe semble mont\u00e9e pour les gros rendez-vous.<\/p>\n<p><strong>La derni\u00e8re fois que Toulon \u00e9tait en demie, c\u2019\u00e9tait en 2017. Cette fois, ils arrivent avec du feu dans les jambes.<\/strong><\/p>\n<p><img loading=\"lazy\" src=\"data:image\/svg+xml,%3Csvg%20xmlns=\" http:=\"\" height=\"100\" width=\"100\" class=\" sp-no-webp\" alt=\"whatsapp image 2024 07 31 at 09.08.32\" decoding=\"async\" data-lazy-src=\"https:\/\/www.europesays.com\/fr\/wp-content\/uploads\/2025\/04\/whatsapp-image-2024-07-31-at-09.08.32-e1727245864215.jpeg\"\/> <\/p>\n<p>J\u2019ai grandi dans une famille o\u00f9 le rugby \u00e9tait de tous les moments. J\u2019\u00e9tais au bord du terrain quand Castres a battu Pau et a rejoint l\u2019\u00e9lite, j\u2019\u00e9tais dans le Stade Pierre Antoine face \u00e0 Gary Whetton quand il a fait son Haka pour c\u00e9l\u00e9brer le Brennus de 1993 et j\u2019ai toujours \u00e9t\u00e9 berc\u00e9 des l\u00e9gendes de ce sport. Maintenant, c\u2019est avec XV Ovalie que j\u2019entends prolonger l\u2019aventure. #TeamCO<\/p>\n","protected":false},"excerpt":{"rendered":"Toulon s\u2019est offert une d\u00e9monstration majuscule samedi soir \u00e0 Mayol en balayant Castres (52-23) lors du barrage du&hellip;\n","protected":false},"author":2,"featured_media":179921,"comment_status":"","ping_status":"","sticky":false,"template":"","format":"standard","meta":{"footnotes":""},"categories":[9619],"tags":[31683,1111,11,7336,1777,674,1011,27,31684,31685,31686,12,882,8177,25,478,2310],"class_list":{"0":"post-179920","1":"post","2":"type-post","3":"status-publish","4":"format-standard","5":"has-post-thumbnail","7":"category-toulon","8":"tag-abraham-papalii","9":"tag-actu","10":"tag-actualites","11":"tag-castres-olympique","12":"tag-eu","13":"tag-europe","14":"tag-fr","15":"tag-france","16":"tag-jiuta-wainiqolo","17":"tag-louis-le-brun","18":"tag-maa-nonu","19":"tag-news","20":"tag-provence-alpes-cote-dazur","21":"tag-rc-toulon","22":"tag-republique-francaise","23":"tag-top-14","24":"tag-toulon"},"share_on_mastodon":{"url":"https:\/\/pubeurope.com\/@fr\/114691076514313811","error":""},"_links":{"self":[{"href":"https:\/\/www.europesays.com\/fr\/wp-json\/wp\/v2\/posts\/179920","targetHints":{"allow":["GET"]}}],"collection":[{"href":"https:\/\/www.europesays.com\/fr\/wp-json\/wp\/v2\/posts"}],"about":[{"href":"https:\/\/www.europesays.com\/fr\/wp-json\/wp\/v2\/types\/post"}],"author":[{"embeddable":true,"href":"https:\/\/www.europesays.com\/fr\/wp-json\/wp\/v2\/users\/2"}],"replies":[{"embeddable":true,"href":"https:\/\/www.europesays.com\/fr\/wp-json\/wp\/v2\/comments?post=179920"}],"version-history":[{"count":0,"href":"https:\/\/www.europesays.com\/fr\/wp-json\/wp\/v2\/posts\/179920\/revisions"}],"wp:featuredmedia":[{"embeddable":true,"href":"https:\/\/www.europesays.com\/fr\/wp-json\/wp\/v2\/media\/179921"}],"wp:attachment":[{"href":"https:\/\/www.europesays.com\/fr\/wp-json\/wp\/v2\/media?parent=179920"}],"wp:term":[{"taxonomy":"category","embeddable":true,"href":"https:\/\/www.europesays.com\/fr\/wp-json\/wp\/v2\/categories?post=179920"},{"taxonomy":"post_tag","embeddable":true,"href":"https:\/\/www.europesays.com\/fr\/wp-json\/wp\/v2\/tags?post=179920"}],"curies":[{"name":"wp","href":"https:\/\/api.w.org\/{rel}","templated":true}]}}