{"id":179926,"date":"2025-06-16T04:13:10","date_gmt":"2025-06-16T04:13:10","guid":{"rendered":"https:\/\/www.europesays.com\/fr\/179926\/"},"modified":"2025-06-16T04:13:10","modified_gmt":"2025-06-16T04:13:10","slug":"aujourdhui-un-verre-pour-trinquer-a-lete-du-changement-avec-alain-carignon","status":"publish","type":"post","link":"https:\/\/www.europesays.com\/fr\/179926\/","title":{"rendered":"AUJOURD&rsquo;HUI, UN VERRE POUR TRINQUER \u00c0 L&rsquo;\u00c9T\u00c9 DU CHANGEMENT AVEC ALAIN CARIGNON"},"content":{"rendered":"<p>Posted On 16 juin 2025 <\/p>\n<p style=\"text-align: justify;\">Le collectif \u00ab\u00a0Grenoble le Changement\u00a0\u00bb a le plaisir de vous relayer ci-dessous l&rsquo;invitation d&rsquo;Alain Carignon pour ce soir, lundi 16 juin \u00e0 partir de 18h, autour d&rsquo;un verre pour trinquer avec lui \u00e0 l&rsquo;\u00e9t\u00e9 du changement.<\/p>\n<p><a href=\"https:\/\/i2.wp.com\/grenoble-le-changement.fr\/wp-content\/uploads\/2025\/06\/2025-06-16-Saxo-Instagram.jpeg?ssl=1\" rel=\"lightbox[82621] noopener\" target=\"_blank\"><img loading=\"lazy\" decoding=\"async\" class=\"wp-image-82627 aligncenter jetpack-lazy-image\" src=\"https:\/\/i2.wp.com\/grenoble-le-changement.fr\/wp-content\/uploads\/2025\/06\/2025-06-16-Saxo-Instagram.jpeg?resize=543%2C543&amp;ssl=1\" alt=\"\" width=\"543\" height=\"543\" data-recalc-dims=\"1\" data-lazy-src=\"https:\/\/www.europesays.com\/fr\/wp-content\/uploads\/2025\/06\/2025-06-16-Saxo-Instagram.jpeg\" \/><\/a><\/p>\n<blockquote>\n<tr>\n<td align=\"center\" valign=\"top\" bgcolor=\"#BDE5E7\">\n<tr>\n<td valign=\"top\"><strong>INVITATION &#8211; Un verre pour trinquer ensemble \u00e0 l&rsquo;\u00e9t\u00e9 du changement !\u00a0<\/strong><\/td>\n<\/tr>\n<tr>\n<td align=\"left\" valign=\"top\">\n<p>Madame, Monsieur,<br \/>Chers amis,<\/p>\n<p style=\"text-align: justify;\">Pour trinquer ensemble \u00e0 l&rsquo;\u00e9t\u00e9, le dernier avant les \u00e9lections et le changement de municipalit\u00e9, j&rsquo;ai le plaisir de vous convier pour un verre convivial avec le groupe d&rsquo;opposition et le collectif \u00ab\u00a0R\u00e9concilier Grenoble\u00a0\u00bb :<\/p>\n<p style=\"text-align: justify;\"><b>Ce lundi 16 juin \u00e0 partir de 18h<\/b><br \/><b>Devant le restaurant Le Saxo (5 Place d&rsquo;Agier 38000 GRENOBLE)<\/b><\/p>\n<p style=\"text-align: justify;\">N&rsquo;h\u00e9sitez pas \u00e0 convier vos amis Grenoblois, et \u00e0 venir en famille (jeux d&rsquo;enfants s\u00e9curis\u00e9s au jardin de ville).<br \/>J&rsquo;esp\u00e8re pouvoir compter sur votre pr\u00e9sence,<\/p>\n<p>Bien fid\u00e8lement,<\/p>\n<p><b>Alain Carignon\u00a0<\/b><br \/>Ancien Ministre, Copr\u00e9sident du Groupe d&rsquo;Opposition<br \/>Candidat aux \u00e9lections municipales<\/p>\n<\/td>\n<\/tr>\n<\/td>\n<\/tr>\n<\/blockquote>\n","protected":false},"excerpt":{"rendered":"Posted On 16 juin 2025 Le collectif \u00ab\u00a0Grenoble le Changement\u00a0\u00bb a le plaisir de vous relayer ci-dessous l&rsquo;invitation&hellip;\n","protected":false},"author":2,"featured_media":179927,"comment_status":"","ping_status":"","sticky":false,"template":"","format":"standard","meta":{"footnotes":""},"categories":[9566],"tags":[1111,11,9601,2430,1777,674,1011,27,2731,12,25],"class_list":{"0":"post-179926","1":"post","2":"type-post","3":"status-publish","4":"format-standard","5":"has-post-thumbnail","7":"category-grenoble","8":"tag-actu","9":"tag-actualites","10":"tag-alain-carignon","11":"tag-auvergne-rhone-alpes","12":"tag-eu","13":"tag-europe","14":"tag-fr","15":"tag-france","16":"tag-grenoble","17":"tag-news","18":"tag-republique-francaise"},"share_on_mastodon":{"url":"https:\/\/pubeurope.com\/@fr\/114691100050073628","error":""},"_links":{"self":[{"href":"https:\/\/www.europesays.com\/fr\/wp-json\/wp\/v2\/posts\/179926","targetHints":{"allow":["GET"]}}],"collection":[{"href":"https:\/\/www.europesays.com\/fr\/wp-json\/wp\/v2\/posts"}],"about":[{"href":"https:\/\/www.europesays.com\/fr\/wp-json\/wp\/v2\/types\/post"}],"author":[{"embeddable":true,"href":"https:\/\/www.europesays.com\/fr\/wp-json\/wp\/v2\/users\/2"}],"replies":[{"embeddable":true,"href":"https:\/\/www.europesays.com\/fr\/wp-json\/wp\/v2\/comments?post=179926"}],"version-history":[{"count":0,"href":"https:\/\/www.europesays.com\/fr\/wp-json\/wp\/v2\/posts\/179926\/revisions"}],"wp:featuredmedia":[{"embeddable":true,"href":"https:\/\/www.europesays.com\/fr\/wp-json\/wp\/v2\/media\/179927"}],"wp:attachment":[{"href":"https:\/\/www.europesays.com\/fr\/wp-json\/wp\/v2\/media?parent=179926"}],"wp:term":[{"taxonomy":"category","embeddable":true,"href":"https:\/\/www.europesays.com\/fr\/wp-json\/wp\/v2\/categories?post=179926"},{"taxonomy":"post_tag","embeddable":true,"href":"https:\/\/www.europesays.com\/fr\/wp-json\/wp\/v2\/tags?post=179926"}],"curies":[{"name":"wp","href":"https:\/\/api.w.org\/{rel}","templated":true}]}}