{"id":179944,"date":"2025-06-16T04:23:12","date_gmt":"2025-06-16T04:23:12","guid":{"rendered":"https:\/\/www.europesays.com\/fr\/179944\/"},"modified":"2025-06-16T04:23:12","modified_gmt":"2025-06-16T04:23:12","slug":"new-space-a-bordeaux-les-rocket-scientists-imaginent-le-futur-du-spatial","status":"publish","type":"post","link":"https:\/\/www.europesays.com\/fr\/179944\/","title":{"rendered":"New Space\u00a0: \u00e0 Bordeaux, les \u00ab\u00a0rocket scientists\u00a0\u00bb imaginent le futur du spatial"},"content":{"rendered":"<p class=\"wp-block-post-excerpt__excerpt\">Troisi\u00e8me r\u00e9gion de France dans le secteur de l\u2019a\u00e9ronautique, du spatial et de la d\u00e9fense (ASD), la Nouvelle-Aquitaine sera massivement pr\u00e9sente au 55e Salon du Bourget, du 16 au 22 juin 2025, \u00e0 Paris. Avec une d\u00e9l\u00e9gation de 71\u00a0exposants, pr\u00e8s de la moiti\u00e9 est issue de Gironde. L\u2019occasion de faire un focus sur le secteur du New Space, tr\u00e8s dynamique \u00e0 Bordeaux. <\/p>\n<p><a href=\"https:\/\/rue89bordeaux.com\/category\/actualite\/\" rel=\"tag noopener\" target=\"_blank\">Actualit\u00e9<\/a>, <a href=\"https:\/\/rue89bordeaux.com\/category\/kiosque-abonne\/\" rel=\"tag noopener\" target=\"_blank\">\u00c9dition abonn\u00e9s<\/a><\/p>\n<p>Coraline Bertrand<\/p>\n<p>Publi\u00e9 le 16 juin 2025\u00a0\u00a0\u00b7\u00a0\u00a0<\/p>\n<p>Imprim\u00e9 le 16 juin 2025 \u00e0 06h23\u00a0\u00a0\u00b7\u00a0\u00a0<\/p>\n<p>\t\t\t\t\t7\u00a0minutes\n<\/p>\n<p>Ils sont discrets les\u00a0\u00ab\u00a0rocket scientists\u00a0\u00bb, ces ing\u00e9nieurs dans l\u2019a\u00e9rospatial. Il y a de quoi, leur secteur est particuli\u00e8rement strat\u00e9gique et politique. En effet, le spatial \u2013 le New Space\u00a0comme on le nomme depuis que l\u2019acc\u00e8s \u00e0 l\u2019espace n\u2019est plus l\u2019apanage des \u00c9tats \u00ad\u2013 est souvent li\u00e9 \u00e0 la d\u00e9fense, en particulier \u00e0 Bordeaux.<\/p>\n<p>Concurrente de Toulouse, capitale fran\u00e7aise de l\u2019aviation civile avec Airbus, Bordeaux a su s\u2019en d\u00e9marquer en devenant une capitale spatiale (apr\u00e8s Paris), sp\u00e9cialis\u00e9e dans la d\u00e9fense et le New Space donc, avec la pr\u00e9sence de mastodontes comme ArianeGroup, Thales ou Safran mais aussi de start-ups innovantes.<\/p>\n<blockquote class=\"wp-block-quote is-layout-flow wp-block-quote-is-layout-flow\">\n<p>\u00ab\u00a0Toulouse et Bordeaux sont \u00e0 la fois concurrentes et compl\u00e9mentaires\u00a0\u00bb, analyse Adrien Selvon, responsable d\u00e9veloppement fili\u00e8re ASD (a\u00e9ronautique, spatial, d\u00e9fense) chez<a href=\"https:\/\/technowest.com\/\" target=\"_blank\" rel=\"noopener\"> Bordeaux Technowest<\/a>.<\/p>\n<\/blockquote>\n<p>\t\t\u00ab\u00a0Un atout g\u00e9ographique\u00a0\u00bb<\/p>\n<blockquote class=\"wp-block-quote is-layout-flow wp-block-quote-is-layout-flow\">\n<p>\u00ab\u00a0\u00c0 Toulouse, on trouve le CNES (Centre national d\u2019\u00e9tudes spatiales), les satellites et le Commandement de\u00a0l\u2019espace (CDE, une entit\u00e9 de l\u2019Arm\u00e9e de l\u2019air) tandis qu\u2019\u00e0 Bordeaux, on a ArianeGroup (\u00e0 Saint-M\u00e9dard et Martignas) avec ses fus\u00e9es, ses lanceurs et toute la fili\u00e8re de sous-traitants qui s\u2019est mise en place autour (soit une cinquantaine d\u2019entreprises environ). L\u2019implantation de start-ups du New Space date de la fin des ann\u00e9es 2010. Notre territoire en accueille moins d\u2019une dizaine \u00e0 ce jour\u00a0\u00bb, d\u00e9taille-t-il.<\/p>\n<\/blockquote>\n<p class=\"has-primary-color has-text-color\">\n\t\t\t<strong> Cet article fait partie de l\u2019\u00e9dition abonn\u00e9s.<\/strong><br \/>\n\t\t\t| D\u00e9j\u00e0 abonn\u00e9\u00a0?<br \/>\n\t\t\t<a href=\"https:\/\/rue89bordeaux.com\/user\/login\/\" data-type=\"page\" data-id=\"26256\" target=\"_blank\" rel=\"noopener\">Connectez-vous<\/a>\n\t\t<\/p>\n<p>Abonnez-vous maintenant pour poursuivre votre lecture<\/p>\n<p><img loading=\"lazy\" decoding=\"async\" width=\"607\" height=\"480\" src=\"https:\/\/www.europesays.com\/fr\/wp-content\/uploads\/2025\/04\/1744387698_768_04-paywall.png\" alt=\"Abonnez-vous\" class=\"wp-image-128438\" style=\"aspect-ratio:1.2645833333333334;width:281px;height:auto\"  \/><\/p>\n<p>\t\t\t<a href=\"https:\/\/rue89bordeaux.com\/\" class=\"custom-logo-link\" rel=\"home noopener\" target=\"_blank\"><img loading=\"lazy\" decoding=\"async\" width=\"290\" height=\"49\" src=\"https:\/\/www.europesays.com\/fr\/wp-content\/uploads\/2025\/04\/logo.png\" class=\"custom-logo\" alt=\"Rue89Bordeaux Enqu\u00eates et informations de proximit\u00e9\"  \/><\/a><\/p>\n<p>\n\t\t\t\tAbonnez-vous maintenant pour suivre l\u2019actualit\u00e9 locale.\t\t\t<\/p>\n<p class=\"font-bold font-serif-heading mb-2 text-4xl\">\n\t\t\t\t\t\tL\u2019investigation locale \u00e0 port\u00e9e de main.\n\t\t\t\t\t<\/p>\n<p>\n\t\t\t\t\t\tAbonnez-vous et profitez d\u2019un acc\u00e8s illimit\u00e9 \u00e0 Rue89Bordeaux. Annulez quand vous voulez.\n\t\t\t\t\t<\/p>\n<p class=\"xl:text-sm\">\n\t\t\t\t\tD\u00e9j\u00e0 abonn\u00e9\u00a0?<br \/>\n\t\t\t\t\t<a class=\"border border-transparent text-center transition-colors duration-instant focus:border-info focus:rounded focus:shadow-focus cursor-pointer text-black hover:text-gray-700 active:bg-black-700 font-semibold inline-block\" href=\"https:\/\/rue89bordeaux.com\/user\/login\/?redirect=\/2025\/06\/new-space-a-bordeaux-les-rocket-scientists-imaginent-le-futur-du-spatial\/\" target=\"_blank\" rel=\"noopener\">Connectez-vous<\/a>\t\t\t\t<\/p>\n<p>\n\t\t\t\tChoisissez votre formule\u00a0:\n\t\t\t<\/p>\n<p>\t\t\t\tFermer<\/p>\n","protected":false},"excerpt":{"rendered":"Troisi\u00e8me r\u00e9gion de France dans le secteur de l\u2019a\u00e9ronautique, du spatial et de la d\u00e9fense (ASD), la Nouvelle-Aquitaine&hellip;\n","protected":false},"author":2,"featured_media":179945,"comment_status":"","ping_status":"","sticky":false,"template":"","format":"standard","meta":{"footnotes":""},"categories":[2817],"tags":[1111,11,1997,33,386,1777,674,1011,27,12,2219,959,25],"class_list":{"0":"post-179944","1":"post","2":"type-post","3":"status-publish","4":"format-standard","5":"has-post-thumbnail","7":"category-bordeaux","8":"tag-actu","9":"tag-actualites","10":"tag-bordeaux","11":"tag-economie","12":"tag-espace","13":"tag-eu","14":"tag-europe","15":"tag-fr","16":"tag-france","17":"tag-news","18":"tag-nouvelle-aquitaine","19":"tag-recherche","20":"tag-republique-francaise"},"share_on_mastodon":{"url":"https:\/\/pubeurope.com\/@fr\/114691139527143223","error":""},"_links":{"self":[{"href":"https:\/\/www.europesays.com\/fr\/wp-json\/wp\/v2\/posts\/179944","targetHints":{"allow":["GET"]}}],"collection":[{"href":"https:\/\/www.europesays.com\/fr\/wp-json\/wp\/v2\/posts"}],"about":[{"href":"https:\/\/www.europesays.com\/fr\/wp-json\/wp\/v2\/types\/post"}],"author":[{"embeddable":true,"href":"https:\/\/www.europesays.com\/fr\/wp-json\/wp\/v2\/users\/2"}],"replies":[{"embeddable":true,"href":"https:\/\/www.europesays.com\/fr\/wp-json\/wp\/v2\/comments?post=179944"}],"version-history":[{"count":0,"href":"https:\/\/www.europesays.com\/fr\/wp-json\/wp\/v2\/posts\/179944\/revisions"}],"wp:featuredmedia":[{"embeddable":true,"href":"https:\/\/www.europesays.com\/fr\/wp-json\/wp\/v2\/media\/179945"}],"wp:attachment":[{"href":"https:\/\/www.europesays.com\/fr\/wp-json\/wp\/v2\/media?parent=179944"}],"wp:term":[{"taxonomy":"category","embeddable":true,"href":"https:\/\/www.europesays.com\/fr\/wp-json\/wp\/v2\/categories?post=179944"},{"taxonomy":"post_tag","embeddable":true,"href":"https:\/\/www.europesays.com\/fr\/wp-json\/wp\/v2\/tags?post=179944"}],"curies":[{"name":"wp","href":"https:\/\/api.w.org\/{rel}","templated":true}]}}