{"id":179946,"date":"2025-06-16T04:24:19","date_gmt":"2025-06-16T04:24:19","guid":{"rendered":"https:\/\/www.europesays.com\/fr\/179946\/"},"modified":"2025-06-16T04:24:19","modified_gmt":"2025-06-16T04:24:19","slug":"girondins-la-communication-a-ete-un-peu-bizarre-au-sujet-de-cedric-yambere-et-yanis-merdji","status":"publish","type":"post","link":"https:\/\/www.europesays.com\/fr\/179946\/","title":{"rendered":"Girondins : \u201cLa communication a \u00e9t\u00e9 un peu bizarre au sujet de C\u00e9dric Yamb\u00e9r\u00e9 et Yanis Merdji\u201d"},"content":{"rendered":"<p><img decoding=\"async\" src=\"https:\/\/www.europesays.com\/fr\/wp-content\/uploads\/2025\/06\/671_4863597e5ca33a484ef5e9124ebf2077.jpg\" alt=\"Girondins : \u201cLa communication a \u00e9t\u00e9 un peu bizarre au sujet de C\u00e9dric Yamb\u00e9r\u00e9 et Yanis Merdji\u201d\" class=\"img-responsive mt-3\"\/><\/p>\n<p class=\"text-center mb-3\" style=\"font-size: 14px\">\u00a9 Iconsport<\/p>\n<p style=\"text-align: justify;\">\u00c9coutez ses propos ou lisez-les :<\/p>\n<p style=\"text-align: justify;\">\u00a0<\/p>\n<p>\u00a0<\/p>\n<p style=\"text-align: justify;\">En pleine pr\u00e9paration du mercato estival, le club des Girondins de Bordeaux a dress\u00e9 une liste des joueurs sur qui il ne compte plus pour la saison prochaine. C\u00e9dric Yamb\u00e9r\u00e9 et Yanis Merdji font partie de cette liste selon le quotidien r\u00e9gional alors qu\u2019ils sont sous contrat jusqu\u2019en 2027 pour le premier et 2026 pour le second.<\/p>\n<p><strong>\u201cIl fallait nous le dire clairement qu&rsquo;il ne comptait pas sur ces joueurs\u201d<\/strong><\/p>\n<p style=\"text-align: justify;\">Samuel Vaslin dans le <a href=\"https:\/\/www.youtube.com\/watch?v=mYk2zs0T8PM&amp;t=6950s\" target=\"_blank\" rel=\"noopener\">Talk sur WebGirondins<\/a> : \u201cJe trouve que la communication a \u00e9t\u00e9 un peu bizarre de la part de Bruno Irl\u00e8s \u00e0 propos de C\u00e9dric Yamb\u00e9r\u00e9 et Yanis Merdji. J&rsquo;\u00e9tais notamment \u00e0 Orl\u00e9ans quand on l&rsquo;interroge \u00e0 la fin du match et qu\u2019il me dit \u00ab Non, c&rsquo;est juste pour piquer un peu Yamb\u00e9r\u00e9\u2026\u00bb (le 5 avril, lors de la rencontre contre Saint-Pryv\u00e9 Saint-Hilaire, le capitaine n\u2019\u00e9tait pas sur la feuille de match). \u00c0 un moment donn\u00e9, il fallait nous le dire clairement qu&rsquo;il ne comptait pas sur ces joueurs. Alors, peut-\u00eatre que c&rsquo;\u00e9tait compliqu\u00e9 de le dire \u00e0 ce moment-l\u00e0, je veux bien l&rsquo;entendre, mais c&rsquo;est quand m\u00eame dommage de faire ce constat aujourd&rsquo;hui.\u201d<\/p>\n<p><strong>Yamb\u00e9r\u00e9 : \u201cc\u2019est encore une histoire rat\u00e9e\u201d<\/strong><\/p>\n<p style=\"text-align: justify;\">\u201cAlors, Yamb\u00e9r\u00e9, pas sp\u00e9cialement. M\u00eame si, c&rsquo;est vrai que c\u2019est l\u00e0 encore une histoire rat\u00e9e. Tu vas chercher un mec pour ramener l&rsquo;\u00e2me du club et au final, c&rsquo;est vrai qu&rsquo;il a l&rsquo;air d&rsquo;avoir \u00e9t\u00e9 assez pr\u00e9sent dans le vestiaire. On ne va pas lui reprocher \u00e7a, mais est-ce qu&rsquo;il a un suppl\u00e9ment d&rsquo;\u00e2me, un esprit girondin ? Je n&rsquo;ai pas l&rsquo;impression et je ne lui fais pas offense en disant \u00e7a. C&rsquo;est juste que \u00e7a n&rsquo;a pas \u00e9t\u00e9 utilis\u00e9 et c\u2019est dommage.\u201d<\/p>\n<p><strong>\u201cJe ne comprends pas le choix de ne pas conserver Merdji\u201d<\/strong><\/p>\n<p style=\"text-align: justify;\">\u00ab\u00a0Et Merdji, comme sa gestion, je ne comprends pas ce choix de ne pas le conserver. On verra les attaquants qu&rsquo;on va recruter, \u00e0 condition qu&rsquo;ils ne soient pas tous d\u00e9j\u00e0 partis en N1 d&rsquo;ici l\u00e0. Je suis quand m\u00eame assez \u00e9tonn\u00e9 par le choix de se d\u00e9barrasser de Merdji.\u00a0\u00bb<\/p>\n<p style=\"text-align: justify;\">\u00c0 lire aussi &gt;&gt;<strong><a href=\"https:\/\/www.webgirondins.com\/actualite-girondins-girondins-la-decision-lunaire-du-club-sur-lassana-diabate-qui-fait-reagir-129425\" target=\"_blank\" rel=\"noopener\"> La d\u00e9cision \u00ab\u00a0lunaire\u00a0\u00bb du club sur Lassana Diabat\u00e9 qui fait r\u00e9agir<\/a><\/strong><\/p>\n","protected":false},"excerpt":{"rendered":"\u00a9 Iconsport \u00c9coutez ses propos ou lisez-les : \u00a0 \u00a0 En pleine pr\u00e9paration du mercato estival, le club&hellip;\n","protected":false},"author":2,"featured_media":179947,"comment_status":"","ping_status":"","sticky":false,"template":"","format":"standard","meta":{"footnotes":""},"categories":[2817],"tags":[1111,11,3683,31691,1997,18880,13767,3477,536,1446,31693,1777,674,1011,27,1987,31694,31692,4059,5110,11752,12,2219,9144,16565,18433,471,12880,25,3242,9863,15298,3333,7262,9864,13768,11751],"class_list":{"0":"post-179946","1":"post","2":"type-post","3":"status-publish","4":"format-standard","5":"has-post-thumbnail","7":"category-bordeaux","8":"tag-actu","9":"tag-actualites","10":"tag-alors","11":"tag-bizarre","12":"tag-bordeaux","13":"tag-brutale","14":"tag-cedric","15":"tag-cette","16":"tag-communication","17":"tag-dans","18":"tag-etonne","19":"tag-eu","20":"tag-europe","21":"tag-fr","22":"tag-france","23":"tag-girondins","24":"tag-importance","25":"tag-indesirables","26":"tag-joueurs","27":"tag-liste","28":"tag-merdji","29":"tag-news","30":"tag-nouvelle-aquitaine","31":"tag-ouest","32":"tag-perte","33":"tag-places","34":"tag-pour","35":"tag-prochaine","36":"tag-republique-francaise","37":"tag-saison","38":"tag-samuel","39":"tag-selon","40":"tag-sont","41":"tag-sujet","42":"tag-vaslin","43":"tag-yambere","44":"tag-yanis"},"share_on_mastodon":{"url":"https:\/\/pubeurope.com\/@fr\/114691143390795199","error":""},"_links":{"self":[{"href":"https:\/\/www.europesays.com\/fr\/wp-json\/wp\/v2\/posts\/179946","targetHints":{"allow":["GET"]}}],"collection":[{"href":"https:\/\/www.europesays.com\/fr\/wp-json\/wp\/v2\/posts"}],"about":[{"href":"https:\/\/www.europesays.com\/fr\/wp-json\/wp\/v2\/types\/post"}],"author":[{"embeddable":true,"href":"https:\/\/www.europesays.com\/fr\/wp-json\/wp\/v2\/users\/2"}],"replies":[{"embeddable":true,"href":"https:\/\/www.europesays.com\/fr\/wp-json\/wp\/v2\/comments?post=179946"}],"version-history":[{"count":0,"href":"https:\/\/www.europesays.com\/fr\/wp-json\/wp\/v2\/posts\/179946\/revisions"}],"wp:featuredmedia":[{"embeddable":true,"href":"https:\/\/www.europesays.com\/fr\/wp-json\/wp\/v2\/media\/179947"}],"wp:attachment":[{"href":"https:\/\/www.europesays.com\/fr\/wp-json\/wp\/v2\/media?parent=179946"}],"wp:term":[{"taxonomy":"category","embeddable":true,"href":"https:\/\/www.europesays.com\/fr\/wp-json\/wp\/v2\/categories?post=179946"},{"taxonomy":"post_tag","embeddable":true,"href":"https:\/\/www.europesays.com\/fr\/wp-json\/wp\/v2\/tags?post=179946"}],"curies":[{"name":"wp","href":"https:\/\/api.w.org\/{rel}","templated":true}]}}